[{"@context":"https:\/\/schema.org\/","@type":"Blog","@id":"https:\/\/www.orcela.cz#Blog","headline":"Orcela","description":"\nN\u00e1\u0161 web je tu pro mnoh\u00e9 z t\u011bch, kte\u0159\u00ed n\u011bco pot\u0159ebuj\u00ed. Je tu pr\u00e1v\u011b takov\u00e1 nab\u00eddka, j\u00ed\u017e leckdo nedok\u00e1\u017ee odolat. A nav\u0161t\u00edv\u00edte-li ho, t\u0159eba ani vy neodol\u00e1te.","url":"https:\/\/www.orcela.cz","hasPart":[{"@type":"Article","@id":"https:\/\/www.orcela.cz\/kdyz-senior-nedokaze-vyjit-s-penezi\/","headline":"Kdy\u017e senior nedok\u00e1\u017ee vyj\u00edt s pen\u011bzi","url":"https:\/\/www.orcela.cz\/kdyz-senior-nedokaze-vyjit-s-penezi\/","datePublished":"2025-10-01","dateModified":"2025-10-01","mainEntityOfPage":"https:\/\/www.orcela.cz\/kdyz-senior-nedokaze-vyjit-s-penezi\/","author":{"@type":"Person","@id":"https:\/\/www.orcela.cz\/author\/#Person","name":"","url":"https:\/\/www.orcela.cz\/author\/","identifier":1,"image":{"@type":"ImageObject","@id":"https:\/\/secure.gravatar.com\/avatar\/99fa2d7bb0ff3369cbf7f1481134d0b6f7aff596e984b7c90a3d99b8b24eb0d8?s=96&d=mm&r=g","url":"https:\/\/secure.gravatar.com\/avatar\/99fa2d7bb0ff3369cbf7f1481134d0b6f7aff596e984b7c90a3d99b8b24eb0d8?s=96&d=mm&r=g","height":96,"width":96}},"publisher":{"@type":"Organization","name":"orcela.cz","logo":{"@type":"ImageObject","@id":"\/logo.png","url":"\/logo.png","width":600,"height":60}},"image":{"@type":"ImageObject","@id":"https:\/\/www.orcela.cz\/wp-content\/uploads\/img_a308576_w2095_t1519666935.jpg","url":"https:\/\/www.orcela.cz\/wp-content\/uploads\/img_a308576_w2095_t1519666935.jpg","height":0,"width":0},"wordCount":529,"keywords":null},{"@type":"Article","@id":"https:\/\/www.orcela.cz\/pro-provoz-bazenu-je-zapotrebi-optimalni-tvrdost-vody\/","headline":"Pro provoz baz\u00e9nu je zapot\u0159eb\u00ed optim\u00e1ln\u00ed tvrdost vody","url":"https:\/\/www.orcela.cz\/pro-provoz-bazenu-je-zapotrebi-optimalni-tvrdost-vody\/","datePublished":"2025-07-10","dateModified":"2025-07-10","mainEntityOfPage":"https:\/\/www.orcela.cz\/pro-provoz-bazenu-je-zapotrebi-optimalni-tvrdost-vody\/","author":{"@type":"Person","@id":"https:\/\/www.orcela.cz\/author\/#Person","name":"","url":"https:\/\/www.orcela.cz\/author\/","identifier":1,"image":{"@type":"ImageObject","@id":"https:\/\/secure.gravatar.com\/avatar\/99fa2d7bb0ff3369cbf7f1481134d0b6f7aff596e984b7c90a3d99b8b24eb0d8?s=96&d=mm&r=g","url":"https:\/\/secure.gravatar.com\/avatar\/99fa2d7bb0ff3369cbf7f1481134d0b6f7aff596e984b7c90a3d99b8b24eb0d8?s=96&d=mm&r=g","height":96,"width":96}},"publisher":{"@type":"Organization","name":"orcela.cz","logo":{"@type":"ImageObject","@id":"\/logo.png","url":"\/logo.png","width":600,"height":60}},"image":{"@type":"ImageObject","@id":"https:\/\/www.orcela.cz\/wp-content\/uploads\/drop-of-water-578897_640_10_3.jpg","url":"https:\/\/www.orcela.cz\/wp-content\/uploads\/drop-of-water-578897_640_10_3.jpg","height":0,"width":0},"wordCount":490,"keywords":null},{"@type":"Article","@id":"https:\/\/www.orcela.cz\/uzijte-si-na-krasnim-miste\/","headline":"U\u017eijte si na kr\u00e1sn\u00edm m\u00edst\u011b","url":"https:\/\/www.orcela.cz\/uzijte-si-na-krasnim-miste\/","datePublished":"2025-04-25","dateModified":"2025-04-25","mainEntityOfPage":"https:\/\/www.orcela.cz\/uzijte-si-na-krasnim-miste\/","author":{"@type":"Person","@id":"https:\/\/www.orcela.cz\/author\/#Person","name":"","url":"https:\/\/www.orcela.cz\/author\/","identifier":1,"image":{"@type":"ImageObject","@id":"https:\/\/secure.gravatar.com\/avatar\/99fa2d7bb0ff3369cbf7f1481134d0b6f7aff596e984b7c90a3d99b8b24eb0d8?s=96&d=mm&r=g","url":"https:\/\/secure.gravatar.com\/avatar\/99fa2d7bb0ff3369cbf7f1481134d0b6f7aff596e984b7c90a3d99b8b24eb0d8?s=96&d=mm&r=g","height":96,"width":96}},"publisher":{"@type":"Organization","name":"orcela.cz","logo":{"@type":"ImageObject","@id":"\/logo.png","url":"\/logo.png","width":600,"height":60}},"image":null,"wordCount":237,"keywords":null},{"@type":"Article","@id":"https:\/\/www.orcela.cz\/led-zarovky\/","headline":"Led \u017e\u00e1rovky","url":"https:\/\/www.orcela.cz\/led-zarovky\/","datePublished":"2025-04-18","dateModified":"2025-04-18","mainEntityOfPage":"https:\/\/www.orcela.cz\/led-zarovky\/","author":{"@type":"Person","@id":"https:\/\/www.orcela.cz\/author\/#Person","name":"","url":"https:\/\/www.orcela.cz\/author\/","identifier":1,"image":{"@type":"ImageObject","@id":"https:\/\/secure.gravatar.com\/avatar\/99fa2d7bb0ff3369cbf7f1481134d0b6f7aff596e984b7c90a3d99b8b24eb0d8?s=96&d=mm&r=g","url":"https:\/\/secure.gravatar.com\/avatar\/99fa2d7bb0ff3369cbf7f1481134d0b6f7aff596e984b7c90a3d99b8b24eb0d8?s=96&d=mm&r=g","height":96,"width":96}},"publisher":{"@type":"Organization","name":"orcela.cz","logo":{"@type":"ImageObject","@id":"\/logo.png","url":"\/logo.png","width":600,"height":60}},"image":null,"wordCount":223,"keywords":null},{"@type":"Article","@id":"https:\/\/www.orcela.cz\/vyberte-si-z-nasich-detskych-paland-a-pohovek\/","headline":"Vyberte si z na\u0161ich d\u011btsk\u00fdch paland a pohovek","url":"https:\/\/www.orcela.cz\/vyberte-si-z-nasich-detskych-paland-a-pohovek\/","datePublished":"2025-04-10","dateModified":"2025-04-10","mainEntityOfPage":"https:\/\/www.orcela.cz\/vyberte-si-z-nasich-detskych-paland-a-pohovek\/","author":{"@type":"Person","@id":"https:\/\/www.orcela.cz\/author\/#Person","name":"","url":"https:\/\/www.orcela.cz\/author\/","identifier":1,"image":{"@type":"ImageObject","@id":"https:\/\/secure.gravatar.com\/avatar\/99fa2d7bb0ff3369cbf7f1481134d0b6f7aff596e984b7c90a3d99b8b24eb0d8?s=96&d=mm&r=g","url":"https:\/\/secure.gravatar.com\/avatar\/99fa2d7bb0ff3369cbf7f1481134d0b6f7aff596e984b7c90a3d99b8b24eb0d8?s=96&d=mm&r=g","height":96,"width":96}},"publisher":{"@type":"Organization","name":"orcela.cz","logo":{"@type":"ImageObject","@id":"\/logo.png","url":"\/logo.png","width":600,"height":60}},"image":null,"wordCount":231,"keywords":null},{"@type":"Article","@id":"https:\/\/www.orcela.cz\/vysperkujte-svuj-telefon\/","headline":"Vy\u0161perkujte sv\u016fj telefon","url":"https:\/\/www.orcela.cz\/vysperkujte-svuj-telefon\/","datePublished":"2025-04-01","dateModified":"2025-04-01","mainEntityOfPage":"https:\/\/www.orcela.cz\/vysperkujte-svuj-telefon\/","author":{"@type":"Person","@id":"https:\/\/www.orcela.cz\/author\/#Person","name":"","url":"https:\/\/www.orcela.cz\/author\/","identifier":1,"image":{"@type":"ImageObject","@id":"https:\/\/secure.gravatar.com\/avatar\/99fa2d7bb0ff3369cbf7f1481134d0b6f7aff596e984b7c90a3d99b8b24eb0d8?s=96&d=mm&r=g","url":"https:\/\/secure.gravatar.com\/avatar\/99fa2d7bb0ff3369cbf7f1481134d0b6f7aff596e984b7c90a3d99b8b24eb0d8?s=96&d=mm&r=g","height":96,"width":96}},"publisher":{"@type":"Organization","name":"orcela.cz","logo":{"@type":"ImageObject","@id":"\/logo.png","url":"\/logo.png","width":600,"height":60}},"image":{"@type":"ImageObject","@id":"https:\/\/www.orcela.cz\/wp-content\/uploads\/call-1866884_640_10_5.jpg","url":"https:\/\/www.orcela.cz\/wp-content\/uploads\/call-1866884_640_10_5.jpg","height":0,"width":0},"wordCount":483,"keywords":null},{"@type":"Article","@id":"https:\/\/www.orcela.cz\/sportujte-pohodlne-kazdy-den\/","headline":"Sportujte pohodln\u011b ka\u017ed\u00fd den","url":"https:\/\/www.orcela.cz\/sportujte-pohodlne-kazdy-den\/","datePublished":"2025-04-01","dateModified":"2025-04-01","mainEntityOfPage":"https:\/\/www.orcela.cz\/sportujte-pohodlne-kazdy-den\/","author":{"@type":"Person","@id":"https:\/\/www.orcela.cz\/author\/#Person","name":"","url":"https:\/\/www.orcela.cz\/author\/","identifier":1,"image":{"@type":"ImageObject","@id":"https:\/\/secure.gravatar.com\/avatar\/99fa2d7bb0ff3369cbf7f1481134d0b6f7aff596e984b7c90a3d99b8b24eb0d8?s=96&d=mm&r=g","url":"https:\/\/secure.gravatar.com\/avatar\/99fa2d7bb0ff3369cbf7f1481134d0b6f7aff596e984b7c90a3d99b8b24eb0d8?s=96&d=mm&r=g","height":96,"width":96}},"publisher":{"@type":"Organization","name":"orcela.cz","logo":{"@type":"ImageObject","@id":"\/logo.png","url":"\/logo.png","width":600,"height":60}},"image":null,"wordCount":200,"keywords":null},{"@type":"Article","@id":"https:\/\/www.orcela.cz\/moda-pro-kazdou-generaci\/","headline":"M\u00f3da pro ka\u017edou generaci","url":"https:\/\/www.orcela.cz\/moda-pro-kazdou-generaci\/","datePublished":"2025-03-27","dateModified":"2025-03-27","mainEntityOfPage":"https:\/\/www.orcela.cz\/moda-pro-kazdou-generaci\/","author":{"@type":"Person","@id":"https:\/\/www.orcela.cz\/author\/#Person","name":"","url":"https:\/\/www.orcela.cz\/author\/","identifier":1,"image":{"@type":"ImageObject","@id":"https:\/\/secure.gravatar.com\/avatar\/99fa2d7bb0ff3369cbf7f1481134d0b6f7aff596e984b7c90a3d99b8b24eb0d8?s=96&d=mm&r=g","url":"https:\/\/secure.gravatar.com\/avatar\/99fa2d7bb0ff3369cbf7f1481134d0b6f7aff596e984b7c90a3d99b8b24eb0d8?s=96&d=mm&r=g","height":96,"width":96}},"publisher":{"@type":"Organization","name":"orcela.cz","logo":{"@type":"ImageObject","@id":"\/logo.png","url":"\/logo.png","width":600,"height":60}},"image":null,"wordCount":239,"keywords":null},{"@type":"Article","@id":"https:\/\/www.orcela.cz\/nechce-se-inspirovat\/","headline":"Nechce se inspirovat","url":"https:\/\/www.orcela.cz\/nechce-se-inspirovat\/","datePublished":"2025-03-15","dateModified":"2025-03-15","mainEntityOfPage":"https:\/\/www.orcela.cz\/nechce-se-inspirovat\/","author":{"@type":"Person","@id":"https:\/\/www.orcela.cz\/author\/#Person","name":"","url":"https:\/\/www.orcela.cz\/author\/","identifier":1,"image":{"@type":"ImageObject","@id":"https:\/\/secure.gravatar.com\/avatar\/99fa2d7bb0ff3369cbf7f1481134d0b6f7aff596e984b7c90a3d99b8b24eb0d8?s=96&d=mm&r=g","url":"https:\/\/secure.gravatar.com\/avatar\/99fa2d7bb0ff3369cbf7f1481134d0b6f7aff596e984b7c90a3d99b8b24eb0d8?s=96&d=mm&r=g","height":96,"width":96}},"publisher":{"@type":"Organization","name":"orcela.cz","logo":{"@type":"ImageObject","@id":"\/logo.png","url":"\/logo.png","width":600,"height":60}},"image":null,"wordCount":229,"keywords":null},{"@type":"Article","@id":"https:\/\/www.orcela.cz\/leto-v-chorvatsku-2014\/","headline":"L\u00e9to v Chorvatsku 2014","url":"https:\/\/www.orcela.cz\/leto-v-chorvatsku-2014\/","datePublished":"2025-03-09","dateModified":"2025-03-09","mainEntityOfPage":"https:\/\/www.orcela.cz\/leto-v-chorvatsku-2014\/","author":{"@type":"Person","@id":"https:\/\/www.orcela.cz\/author\/#Person","name":"","url":"https:\/\/www.orcela.cz\/author\/","identifier":1,"image":{"@type":"ImageObject","@id":"https:\/\/secure.gravatar.com\/avatar\/99fa2d7bb0ff3369cbf7f1481134d0b6f7aff596e984b7c90a3d99b8b24eb0d8?s=96&d=mm&r=g","url":"https:\/\/secure.gravatar.com\/avatar\/99fa2d7bb0ff3369cbf7f1481134d0b6f7aff596e984b7c90a3d99b8b24eb0d8?s=96&d=mm&r=g","height":96,"width":96}},"publisher":{"@type":"Organization","name":"orcela.cz","logo":{"@type":"ImageObject","@id":"\/logo.png","url":"\/logo.png","width":600,"height":60}},"image":null,"wordCount":213,"keywords":null}]},{"@context":"https:\/\/schema.org","@type":"WebSite","@id":"https:\/\/www.orcela.cz\/#website","name":"Orcela","url":"https:\/\/www.orcela.cz","potentialAction":{"@type":"SearchAction","target":"https:\/\/www.orcela.cz\/?s={search_term_string}","query-input":"required name=search_term_string"}}]