[{"@context":"https:\/\/schema.org\/","@type":"Article","@id":"https:\/\/www.orcela.cz\/bez-vrasek\/#Article","mainEntityOfPage":"https:\/\/www.orcela.cz\/bez-vrasek\/","headline":"Bez vr\u00e1sek","name":"Bez vr\u00e1sek","description":"St\u00e1rnut\u00ed je nejm\u00e9n\u011b milovan\u00e1 v\u011bc v na\u0161ich \u017eivotech, tedy konkr\u00e9tn\u011b tento strach ze st\u00e1rnut\u00ed poskytuje &hellip; ","datePublished":"2022-10-14","dateModified":"2023-05-03","author":{"@type":"Person","@id":"https:\/\/www.orcela.cz\/author\/#Person","name":"","url":"https:\/\/www.orcela.cz\/author\/","identifier":1,"image":{"@type":"ImageObject","@id":"https:\/\/secure.gravatar.com\/avatar\/99fa2d7bb0ff3369cbf7f1481134d0b6f7aff596e984b7c90a3d99b8b24eb0d8?s=96&d=mm&r=g","url":"https:\/\/secure.gravatar.com\/avatar\/99fa2d7bb0ff3369cbf7f1481134d0b6f7aff596e984b7c90a3d99b8b24eb0d8?s=96&d=mm&r=g","height":96,"width":96}},"publisher":{"@type":"Organization","name":"orcela.cz","logo":{"@type":"ImageObject","@id":"\/logo.png","url":"\/logo.png","width":600,"height":60}},"image":{"@type":"ImageObject","@id":"https:\/\/www.orcela.cz\/wp-content\/uploads\/girl-gbc229ad70_640.jpg","url":"https:\/\/www.orcela.cz\/wp-content\/uploads\/girl-gbc229ad70_640.jpg","height":0,"width":0},"url":"https:\/\/www.orcela.cz\/bez-vrasek\/","about":["Produkty"],"wordCount":442,"articleBody":"   St\u00e1rnut\u00ed je nejm\u00e9n\u011b milovan\u00e1 v\u011bc v na\u0161ich \u017eivotech, tedy konkr\u00e9tn\u011b tento strach ze st\u00e1rnut\u00ed poskytuje sp\u00ed\u0161e \u017eeny, ale ve v\u00fdsledku se toho boj\u00ed i mu\u017ei. Nen\u00ed to ale nic, \u010deho bychom se jako lid\u00e9 m\u011bli b\u00e1t, v\u017edy\u0165 st\u00e1rnout mus\u00ed ka\u017ed\u00fd a kdybychom tady m\u011bli mo\u017enost \u017e\u00edt nav\u011bky v\u011bk\u016f a b\u00fdt nesmrteln\u00ed, nikdo by to tak necht\u011bl, proto\u017ee by n\u00e1s u\u017e nebavil \u017eivot, za n\u011bjakou dobu bychom si stejn\u011b v\u0161echno vyzkou\u0161eli a byli bychom unaven\u00ed t\u00edm, \u017ee u\u017e vlastn\u011b nem\u00e1me co d\u011blat a nic n\u00e1s nep\u0159ekvap\u00ed. Bu\u010fme tedy r\u00e1di, \u017ee m\u00e1me mo\u017enost n\u011bkdy dokon\u010dit na\u0161e byt\u00ed, proto\u017ee v\u011b\u0159te nebo ne, byla by to p\u011bkn\u00e1 otrava b\u00fdt nesmrteln\u00fd, byla by to velk\u00e1 nuda a zkazilo by n\u00e1m to cel\u00fd pohled na sv\u011bt, v\u0161echno bychom brali samoz\u0159ejm\u011b a hodn\u011b bychom si ubli\u017eovali, proto\u017ee bychom v\u011bd\u011bli, \u017ee nikdy nezem\u0159eme. To by nebylo moc fajn a na sv\u011bt\u011b by bylo t\u0159eba je\u0161t\u011b v\u00edce zloby, ne\u017e je te\u010f, a to j\u00ed je tady u\u017e dost a mysl\u00edme si, \u017ee u\u017e to snad v\u00edce nejde, co\u017e asi je\u0161t\u011b mo\u017en\u00e1 jde, ale nechceme to vid\u011bt. Je t\u011b\u017ek\u00e9 si p\u0159iznat, \u017ee je na sv\u011bt\u011b hodn\u011b zloby, ale je to pravda. Lid\u00e9 maj\u00ed trochu pochrouman\u00e9 my\u0161len\u00ed a maj\u00ed nastaven\u00e9 priority n\u011bkde \u00fapln\u011b jinde, ne\u017e m\u011bli t\u0159eba lid\u00e9 p\u0159ed x lety, zkr\u00e1tka minul\u00e1 generace, kdy m\u011bli \u00fapln\u011b jin\u00e9 starosti ne\u017e my. Ale nem\u016f\u017eeme tuto generaci odsuzovat, t\u0159eba jsme na tom je\u0161t\u011b dob\u0159e a zajde to mnohem d\u00e1l, kdy\u017e u\u017e tu nebudeme. Nebudeme tedy malovat \u010derta na ze\u010f. Nikdo ale i tak st\u00e1rnut\u00ed nem\u00e1 r\u00e1d a n\u011bkte\u0159\u00ed ho sn\u00e1\u0161\u00ed opravdu zle, proto\u017ee je to pro n\u011b n\u011bco, s \u010d\u00edm se nemohou vyrovnat. Ka\u017ed\u00e9 r\u00e1no vstanou, pod\u00edvaj\u00ed se do zrcadla a jsou na\u0161tvan\u00ed, \u017ee jim to neslu\u0161\u00ed a maj\u00ed jakousi vr\u00e1sku nav\u00edc, ne\u017e m\u011bli o den d\u0159\u00edve. Je to ale velmi absurdn\u00ed, kdy\u017e nad t\u00edm \u010dlov\u011bk p\u0159em\u00fd\u0161l\u00ed. Zdrav\u00ed a kr\u00e1sy Orcacollagen si \u010dlov\u011bk mus\u00ed v\u00e1\u017eit, i tak to ale nen\u00ed n\u011bco, co je p\u0159esn\u011b definovan\u00e9 a m\u011bli bychom si v\u00e1\u017eit i toho, co m\u00e1me, i p\u0159esto\u017ee je to t\u0159eba m\u00e1lo.                                                                                                                                                                                                                                                                                                                                                                                          3.5\/5 - (4 votes)        "},{"@context":"https:\/\/schema.org\/","@type":"BreadcrumbList","itemListElement":[{"@type":"ListItem","position":1,"name":"Bez vr\u00e1sek","item":"https:\/\/www.orcela.cz\/bez-vrasek\/#breadcrumbitem"}]}]