{"@context":"https:\/\/schema.org\/","@type":"CollectionPage","@id":"https:\/\/www.orcela.cz\/cestovani\/#CollectionPage","headline":"Cestov\u00e1n\u00ed Category","description":"","url":"https:\/\/www.orcela.cz\/cestovani\/","hasPart":[{"@type":"Article","@id":"https:\/\/www.orcela.cz\/relaxace-u-more\/","headline":"Relaxace u mo\u0159e","url":"https:\/\/www.orcela.cz\/relaxace-u-more\/","datePublished":"2023-02-08","dateModified":"2023-05-03","mainEntityOfPage":"https:\/\/www.orcela.cz\/relaxace-u-more\/","author":{"@type":"Person","@id":"https:\/\/www.orcela.cz\/author\/#Person","name":"","url":"https:\/\/www.orcela.cz\/author\/","identifier":1,"image":{"@type":"ImageObject","@id":"https:\/\/secure.gravatar.com\/avatar\/99fa2d7bb0ff3369cbf7f1481134d0b6f7aff596e984b7c90a3d99b8b24eb0d8?s=96&d=mm&r=g","url":"https:\/\/secure.gravatar.com\/avatar\/99fa2d7bb0ff3369cbf7f1481134d0b6f7aff596e984b7c90a3d99b8b24eb0d8?s=96&d=mm&r=g","height":96,"width":96}},"publisher":{"@type":"Organization","name":"orcela.cz","logo":{"@type":"ImageObject","@id":"\/logo.png","url":"\/logo.png","width":600,"height":60}},"image":{"@type":"ImageObject","@id":"https:\/\/www.orcela.cz\/wp-content\/uploads\/lago-federa-3746335_960_720.jpg","url":"https:\/\/www.orcela.cz\/wp-content\/uploads\/lago-federa-3746335_960_720.jpg","height":0,"width":0},"keywords":null},{"@type":"Article","@id":"https:\/\/www.orcela.cz\/tradicni-dorty-z-ruznych-koutu-sveta\/","headline":"Tradi\u010dn\u00ed dorty z r\u016fzn\u00fdch kout\u016f sv\u011bta","url":"https:\/\/www.orcela.cz\/tradicni-dorty-z-ruznych-koutu-sveta\/","datePublished":"2022-09-30","dateModified":"2023-09-13","mainEntityOfPage":"https:\/\/www.orcela.cz\/tradicni-dorty-z-ruznych-koutu-sveta\/","author":{"@type":"Person","@id":"https:\/\/www.orcela.cz\/author\/#Person","name":"","url":"https:\/\/www.orcela.cz\/author\/","identifier":1,"image":{"@type":"ImageObject","@id":"https:\/\/secure.gravatar.com\/avatar\/99fa2d7bb0ff3369cbf7f1481134d0b6f7aff596e984b7c90a3d99b8b24eb0d8?s=96&d=mm&r=g","url":"https:\/\/secure.gravatar.com\/avatar\/99fa2d7bb0ff3369cbf7f1481134d0b6f7aff596e984b7c90a3d99b8b24eb0d8?s=96&d=mm&r=g","height":96,"width":96}},"publisher":{"@type":"Organization","name":"orcela.cz","logo":{"@type":"ImageObject","@id":"\/logo.png","url":"\/logo.png","width":600,"height":60}},"image":{"@type":"ImageObject","@id":"https:\/\/www.orcela.cz\/wp-content\/uploads\/pexels-cats-coming-1359330.jpg","url":"https:\/\/www.orcela.cz\/wp-content\/uploads\/pexels-cats-coming-1359330.jpg","height":0,"width":0},"keywords":null},{"@type":"Article","@id":"https:\/\/www.orcela.cz\/co-nam-muze-dat-cestovani-do-zahranici\/","headline":"Co n\u00e1m m\u016f\u017ee d\u00e1t cestov\u00e1n\u00ed do zahrani\u010d\u00ed","url":"https:\/\/www.orcela.cz\/co-nam-muze-dat-cestovani-do-zahranici\/","datePublished":"2022-06-08","dateModified":"2023-05-03","mainEntityOfPage":"https:\/\/www.orcela.cz\/co-nam-muze-dat-cestovani-do-zahranici\/","author":{"@type":"Person","@id":"https:\/\/www.orcela.cz\/author\/#Person","name":"","url":"https:\/\/www.orcela.cz\/author\/","identifier":1,"image":{"@type":"ImageObject","@id":"https:\/\/secure.gravatar.com\/avatar\/99fa2d7bb0ff3369cbf7f1481134d0b6f7aff596e984b7c90a3d99b8b24eb0d8?s=96&d=mm&r=g","url":"https:\/\/secure.gravatar.com\/avatar\/99fa2d7bb0ff3369cbf7f1481134d0b6f7aff596e984b7c90a3d99b8b24eb0d8?s=96&d=mm&r=g","height":96,"width":96}},"publisher":{"@type":"Organization","name":"orcela.cz","logo":{"@type":"ImageObject","@id":"\/logo.png","url":"\/logo.png","width":600,"height":60}},"image":{"@type":"ImageObject","@id":"https:\/\/www.orcela.cz\/wp-content\/uploads\/dovolena5_7.jpg","url":"https:\/\/www.orcela.cz\/wp-content\/uploads\/dovolena5_7.jpg","height":0,"width":0},"keywords":null}]}