[{"@context":"https:\/\/schema.org\/","@type":"Article","@id":"https:\/\/www.orcela.cz\/co-nam-muze-dat-cestovani-do-zahranici\/#Article","mainEntityOfPage":"https:\/\/www.orcela.cz\/co-nam-muze-dat-cestovani-do-zahranici\/","headline":"Co n\u00e1m m\u016f\u017ee d\u00e1t cestov\u00e1n\u00ed do zahrani\u010d\u00ed","name":"Co n\u00e1m m\u016f\u017ee d\u00e1t cestov\u00e1n\u00ed do zahrani\u010d\u00ed","description":"Odborn\u00edci doporu\u010duj\u00ed str\u00e1vit alespo\u0148 \u010d\u00e1st dovolen\u00e9 mimo domov. Zm\u011bna prost\u0159ed\u00ed n\u00e1m toti\u017e jen prosp\u011bje a &hellip; ","datePublished":"2022-06-08","dateModified":"2023-05-03","author":{"@type":"Person","@id":"https:\/\/www.orcela.cz\/author\/#Person","name":"","url":"https:\/\/www.orcela.cz\/author\/","identifier":1,"image":{"@type":"ImageObject","@id":"https:\/\/secure.gravatar.com\/avatar\/99fa2d7bb0ff3369cbf7f1481134d0b6f7aff596e984b7c90a3d99b8b24eb0d8?s=96&d=mm&r=g","url":"https:\/\/secure.gravatar.com\/avatar\/99fa2d7bb0ff3369cbf7f1481134d0b6f7aff596e984b7c90a3d99b8b24eb0d8?s=96&d=mm&r=g","height":96,"width":96}},"publisher":{"@type":"Organization","name":"orcela.cz","logo":{"@type":"ImageObject","@id":"\/logo.png","url":"\/logo.png","width":600,"height":60}},"image":{"@type":"ImageObject","@id":"https:\/\/www.orcela.cz\/wp-content\/uploads\/dovolena5_7.jpg","url":"https:\/\/www.orcela.cz\/wp-content\/uploads\/dovolena5_7.jpg","height":0,"width":0},"url":"https:\/\/www.orcela.cz\/co-nam-muze-dat-cestovani-do-zahranici\/","about":["Cestov\u00e1n\u00ed"],"wordCount":436,"articleBody":"Odborn\u00edci doporu\u010duj\u00ed str\u00e1vit alespo\u0148 \u010d\u00e1st dovolen\u00e9 mimo domov. Zm\u011bna prost\u0159ed\u00ed n\u00e1m toti\u017e jen prosp\u011bje a mnohem l\u00e9pe si tak odpo\u010dineme. Ot\u00e1zkou ov\u0161em je, kam bychom m\u011bli vyrazit. Mnoho lid\u00ed z\u016fst\u00e1v\u00e1 v\u00a0\u010cech\u00e1ch s\u00a0t\u00edm, \u017ee do ciziny jezdit nepot\u0159ebuj\u00ed \u2013 i u n\u00e1s je p\u0159ece kr\u00e1sn\u011b. To je sice rozhodn\u011b pravda, av\u0161ak dovolen\u00e1 v\u00a0zahrani\u010d\u00ed n\u00e1m m\u016f\u017ee d\u00e1t mnoh\u00e9, co bychom jinak neza\u017eili.\u00a0\u00a0T\u00edm prvn\u00edm jsou v\u011bci, kter\u00e9 v\u00a0na\u0161\u00ed republice zkr\u00e1tka nenajdeme. Je to nap\u0159\u00edklad mo\u0159e \u010di vysok\u00e9 hory \u2013 a \u0159ekn\u011bme si na rovinu, M\u00e1ch\u00e1\u010d a Krkono\u0161e se jim vyrovnat nemohou. To nab\u00edz\u00ed zcela nov\u00e9 z\u00e1\u017eitky, o kter\u00e9 bychom byli jinak ochuzeni. Ocen\u00ed to p\u0159edev\u0161\u00edm d\u011bti, av\u0161ak i dosp\u011bl\u00ed si to obvykle u\u017eij\u00ed.\u00a0Pak je tu tak\u00e9 zm\u011bna klimatu, zvl\u00e1\u0161t\u011b pokud vyjedeme d\u00e1le severn\u00edm \u010di ji\u017en\u00edm sm\u011brem. Najednou se dostaneme do jin\u00e9ho teplotn\u00edho p\u00e1sma, co\u017e m\u016f\u017ee m\u00edt pozitivn\u00ed vliv na na\u0161e t\u011blo \u2013 zvl\u00e1\u0161t\u011b pokud zam\u00ed\u0159\u00edme na jih. Zde je v\u0161ak dobr\u00e9 pe\u010dliv\u011b vybrat, kdy tam pojedeme. M\u011bjme toti\u017e na pam\u011bti, \u017ee na rozd\u00edl od m\u00edstn\u00edch nejsme na jejich extr\u00e9my zvykl\u00ed.\u00a0\u00a0Zdaleka nejd\u016fle\u017eit\u011bj\u0161\u00ed je ov\u0161em pozn\u00e1v\u00e1n\u00ed jin\u00fdch kultur. Zde je v\u0161ak pot\u0159eba, abychom nestr\u00e1vili cel\u00fd \u010das zav\u0159en\u00ed v\u00a0resortu pendlov\u00e1n\u00edm mezi hotelem a pl\u00e1\u017e\u00ed, ale vydali se i za jeho br\u00e1ny. Jen je dobr\u00e9 si d\u00e1vat pozor na pasti na turisty. Pokud chceme skute\u010dn\u011b autentick\u00fd z\u00e1\u017eitek, je dobr\u00e9 zav\u00edtat do m\u00e9n\u011b zn\u00e1m\u00fdch oblast\u00ed.\u00a0Setk\u00e1n\u00ed s\u00a0jin\u00fdm zp\u016fsobem \u017eivota n\u00e1m m\u016f\u017ee uk\u00e1zat, \u017ee n\u00e1\u0161 \u017eivotn\u00ed styl, na kter\u00fd jsme zvykl\u00ed, nen\u00ed ten jedin\u00fd. \u017de existuj\u00ed lid\u00e9, kte\u0159\u00ed \u017eij\u00ed \u00fapln\u011b jinak, ne\u017e jsme zvykl\u00ed u n\u00e1s, a jsou naprosto spokojen\u00ed. T\u00edm se u\u010d\u00edme toleranci k\u00a0jin\u00fdm kultur\u00e1m a zvyk\u016fm, co\u017e v\u00a0dne\u0161n\u00ed globalizovan\u00e9 dob\u011b rozhodn\u011b nen\u00ed k\u00a0zahozen\u00ed.\u00a0Pokud tedy m\u00e1te tu mo\u017enost, rozhodn\u011b vyrazte str\u00e1vit volno \u201eza kope\u010dky\u201c. Odnesete si spoustu zaj\u00edmav\u00fdch z\u00e1\u017eitk\u016f a tak\u00e9 se sezn\u00e1m\u00edte s\u00a0nov\u00fdmi lidmi. A mo\u017en\u00e1 zjist\u00edte, \u017ee n\u011bkter\u00e9 v\u011bci jdou d\u011blat i l\u00e9pe, ne\u017e u n\u00e1s. A to je z\u00e1kladem pokroku.                                                                                                                                                                                                                                                                                                                                                                                        3.5\/5 - (6 votes)        "},{"@context":"https:\/\/schema.org\/","@type":"BreadcrumbList","itemListElement":[{"@type":"ListItem","position":1,"name":"Co n\u00e1m m\u016f\u017ee d\u00e1t cestov\u00e1n\u00ed do zahrani\u010d\u00ed","item":"https:\/\/www.orcela.cz\/co-nam-muze-dat-cestovani-do-zahranici\/#breadcrumbitem"}]}]