[{"@context":"https:\/\/schema.org\/","@type":"Article","@id":"https:\/\/www.orcela.cz\/co-vse-si-musi-zajistit-podniky\/#Article","mainEntityOfPage":"https:\/\/www.orcela.cz\/co-vse-si-musi-zajistit-podniky\/","headline":"Co v\u0161e si mus\u00ed zajistit podniky?","name":"Co v\u0161e si mus\u00ed zajistit podniky?","description":"Hodn\u011b lid\u00ed l\u00e1k\u00e1 podnik\u00e1n\u00ed, proto\u017ee je to zkr\u00e1tka n\u011bco, co v\u00e1m nenahrad\u00ed \u017e\u00e1dn\u00e1 jin\u00e1 pr\u00e1ce, &hellip; ","datePublished":"2022-11-04","dateModified":"2022-11-04","author":{"@type":"Person","@id":"https:\/\/www.orcela.cz\/author\/#Person","name":"","url":"https:\/\/www.orcela.cz\/author\/","identifier":1,"image":{"@type":"ImageObject","@id":"https:\/\/secure.gravatar.com\/avatar\/99fa2d7bb0ff3369cbf7f1481134d0b6f7aff596e984b7c90a3d99b8b24eb0d8?s=96&d=mm&r=g","url":"https:\/\/secure.gravatar.com\/avatar\/99fa2d7bb0ff3369cbf7f1481134d0b6f7aff596e984b7c90a3d99b8b24eb0d8?s=96&d=mm&r=g","height":96,"width":96}},"publisher":{"@type":"Organization","name":"orcela.cz","logo":{"@type":"ImageObject","@id":"\/logo.png","url":"\/logo.png","width":600,"height":60}},"image":{"@type":"ImageObject","@id":"https:\/\/www.orcela.cz\/wp-content\/uploads\/accountant-gfe6057cbd_640.jpg","url":"https:\/\/www.orcela.cz\/wp-content\/uploads\/accountant-gfe6057cbd_640.jpg","height":0,"width":0},"url":"https:\/\/www.orcela.cz\/co-vse-si-musi-zajistit-podniky\/","about":["Podnik\u00e1n\u00ed"],"wordCount":455,"articleBody":"   Hodn\u011b lid\u00ed l\u00e1k\u00e1 podnik\u00e1n\u00ed, proto\u017ee je to zkr\u00e1tka n\u011bco, co v\u00e1m nenahrad\u00ed \u017e\u00e1dn\u00e1 jin\u00e1 pr\u00e1ce, je to n\u011bco, u \u010deho nem\u016f\u017eete absolutn\u011b o\u010dek\u00e1vat, jak se to bude vyv\u00edjet a tak\u00e9 n\u011bco, co mus\u00edte hl\u00eddat vy sami. Hodn\u011b lid\u00ed vid\u00ed za podnik\u00e1n\u00edm to, \u017ee jste vlastn\u00edho \u017eivota str\u016fjcem a kdy\u017e je to va\u0161e, tak v\u00e1m do toho nikdo nem\u016f\u017ee kecat a v\u011bt\u0161ina pen\u011bz jde v\u00e1m. Ne v\u0161e je ale tak \u00fapln\u011b pravda. Pravdiv\u00fd je v\u00fdrok ten, \u017ee jste vlastn\u00edho \u0161t\u011bst\u00ed a \u017eivota str\u016fjcem a nikdo nen\u00ed v\u00e1\u0161 nad\u0159\u00edzen\u00fd, proto\u017ee je to va\u0161e. To s t\u011bmi pen\u011bzi zas tak \u00fapln\u011b pravda nen\u00ed, proto\u017ee mus\u00edte nejprve odm\u011bnit zam\u011bstnance, kte\u0159\u00ed pracovali cel\u00fd m\u011bs\u00edc, aby m\u011bli co j\u00edst a a\u017e pot\u00e9 m\u016f\u017eete odm\u011bnit sebe.Nikoho to nezaj\u00edm\u00e1, \u017ee vy pak t\u0159eba nebudete m\u00edt pen\u00edze s\u00e1m pro sebe. N\u011bkte\u0159\u00ed podfuk\u00e1\u0159i, kdy\u017e nemaj\u00ed pak z \u010deho d\u00e1t pen\u00edze zam\u011bstnanc\u016fm, tak jim nic nedaj\u00ed, to je ale proti z\u00e1konu a proti smlouv\u011b, kterou podepsali. Proto\u017ee ve smlouv\u011b je jasn\u011b d\u00e1no, jak\u00e1 bude odm\u011bna a \u017ee bude, tak\u017ee pokud se tohle stane, mus\u00ed to j\u00edt p\u0159\u00edmo k soudu a takov\u00fd \u010dlov\u011bk nem\u00e1 pr\u00e1vo v\u016fbec nikoho zam\u011bstn\u00e1vat, pokud nen\u00ed schopen mu d\u00e1t tolik pen\u011bz, kolik si \u010dlov\u011bk zaslou\u017e\u00ed. V\u011bt\u0161inou jde o mal\u00e9 podnikatele, kte\u0159\u00ed maj\u00ed v hlav\u011b jen podfuky. Podnikat rozhodn\u011b nen\u00ed nic jednoduch\u00e9ho, jak si hodn\u011b lid\u00ed mysl\u00ed.D\u00e1 se to ale zvl\u00e1dnout, jen je t\u0159eba si udr\u017eet podnik tak, aby vyn\u00e1\u0161el a zaplatil ve\u0161ker\u00e9 v\u00fddaje a zam\u011bstnance plus v\u00e1s. Rozhodn\u011b to nen\u00ed tolik pen\u011bz, kolik si lid\u00e9 mysl\u00ed, tedy pokud se nebav\u00edme o t\u011bch velk\u00fdch podnic\u00edch, kde se pen\u00edze u\u017e jen sypou. To je ale v\u00fdsledek toho, \u017ee podnik funguje u\u017e dlouho a velmi dob\u0159e. K tomuto je ale t\u0159eba si zajistit mnoho v\u011bc\u00ed. Jednak mezi zam\u011bstnanci, kte\u0159\u00ed pracuj\u00ed pro podnik je i \u00fa\u010detn\u00ed, d\u00e1 se \u00fa\u010detn\u00ed naj\u00edt podle toho, kde se zrovna v\u00e1\u0161 podnik nach\u00e1z\u00ed, pokud je\u0161t\u011b sv\u00e9ho nem\u00e1te. \u00da\u010detnictv\u00ed v Praze 9 m\u016f\u017ee b\u00fdt tou spr\u00e1vnou volbou. Star\u00e1 se o ve\u0161ker\u00e9 finance, a\u0165 u\u017e v\u00fddaje \u010di p\u0159\u00edjmy, kter\u00e9 podnik m\u00e1. Sami to nezvl\u00e1dnete, proto si mus\u00edte n\u011bkoho najmout, to si pi\u0161te.                                                                                                                                                                                                                                                                                                                                                                                           4.6\/5 - (9 votes)        "},{"@context":"https:\/\/schema.org\/","@type":"BreadcrumbList","itemListElement":[{"@type":"ListItem","position":1,"name":"Co v\u0161e si mus\u00ed zajistit podniky?","item":"https:\/\/www.orcela.cz\/co-vse-si-musi-zajistit-podniky\/#breadcrumbitem"}]}]