[{"@context":"https:\/\/schema.org\/","@type":"Article","@id":"https:\/\/www.orcela.cz\/deti-ve-skolce\/#Article","mainEntityOfPage":"https:\/\/www.orcela.cz\/deti-ve-skolce\/","headline":"D\u011bti ve \u0161kolce","name":"D\u011bti ve \u0161kolce","description":"M\u00e1te r\u00e1di d\u011bti? Mysl\u00edm si, \u017ee asi neexistuje \u017e\u00e1dn\u00fd \u010dlov\u011bk, kter\u00fd by nem\u011bl r\u00e1d d\u011bti. &hellip; ","datePublished":"2022-06-01","dateModified":"2023-05-03","author":{"@type":"Person","@id":"https:\/\/www.orcela.cz\/author\/#Person","name":"","url":"https:\/\/www.orcela.cz\/author\/","identifier":1,"image":{"@type":"ImageObject","@id":"https:\/\/secure.gravatar.com\/avatar\/99fa2d7bb0ff3369cbf7f1481134d0b6f7aff596e984b7c90a3d99b8b24eb0d8?s=96&d=mm&r=g","url":"https:\/\/secure.gravatar.com\/avatar\/99fa2d7bb0ff3369cbf7f1481134d0b6f7aff596e984b7c90a3d99b8b24eb0d8?s=96&d=mm&r=g","height":96,"width":96}},"publisher":{"@type":"Organization","name":"orcela.cz","logo":{"@type":"ImageObject","@id":"\/logo.png","url":"\/logo.png","width":600,"height":60}},"image":{"@type":"ImageObject","@id":"https:\/\/www.orcela.cz\/wp-content\/uploads\/child-627538_960_720.jpg","url":"https:\/\/www.orcela.cz\/wp-content\/uploads\/child-627538_960_720.jpg","height":0,"width":0},"url":"https:\/\/www.orcela.cz\/deti-ve-skolce\/","about":["D\u011bti"],"wordCount":463,"articleBody":"M\u00e1te r\u00e1di d\u011bti? Mysl\u00edm si, \u017ee asi neexistuje \u017e\u00e1dn\u00fd \u010dlov\u011bk, kter\u00fd by nem\u011bl r\u00e1d d\u011bti. A j\u00e1 v\u00e1m mohu t\u0159eba nap\u0159\u00edklad popsat m\u00e9ho d\u011bdu. Abych se v\u00e1m p\u0159iznala, tak m\u016fj d\u011bda by se pro d\u011bti rozdal. Nejenom to, \u017ee m\u011bl r\u00e1d velmi sv\u00e9 d\u011bti, kter\u00fdch si v\u00e1\u017eil a ud\u011blal by pro n\u011b v\u0161echno. Tak si taky v\u00e1\u017eil opravdu sv\u00fdch vnou\u010dat, jako nap\u0159\u00edklad m\u011b. D\u011bda mi v\u017edycky \u0159\u00edk\u00e1, \u017ee j\u00e1 jsem byla jeho \u00fapln\u011b prvn\u00ed vnou\u010de. Ty dal\u0161\u00ed vnou\u010data p\u0159i\u0161la pr\u00fd a\u017e po t\u0159ech letech a to postupn\u011b. Proto se taky d\u011bda v\u00edc v\u00e1\u017eil m\u011b. A j\u00e1 se mu nediv\u00edm. A taky bych v\u00e1m klidn\u011b s up\u0159\u00edmn\u00fdm srdcem mohla \u0159\u00edct, \u017ee lep\u0161\u00edho mu\u017ee, ne\u017e d\u011bdu jsem v \u017eivot\u011b opravdu nepotkala. D\u011bda byl opravdu slu\u0161n\u00fd a taky byl gentleman a byl hodn\u011b galantn\u00ed. Byl hodn\u00fd na v\u0161echny lidi a byl slu\u0161n\u00fd a mysl\u00edm si, \u017ee nikdy nem\u011bl ani \u017e\u00e1dnou poty\u010dku s lidmi a nem\u011bl v\u016fbec \u017e\u00e1dn\u00e9 nep\u0159\u00e1tel\u00e9. Tohle je ale o n\u011b\u010dem jin\u00e9m.Taky mi d\u011bda jednou \u0159\u00edkal, kdy\u017e m\u011bl je\u0161t\u011b sv\u00e9 d\u011bti mal\u00e9, \u017ee taky um\u011bly po\u0159\u00e1dn\u011b zlobit. T\u0159eba nap\u0159\u00edklad moje m\u00e1ma. D\u011bda mi \u0159ekl, kdy\u017e m\u00e9 m\u00e1m\u011b bylo \u0161est let, tak pr\u00fd utekla ze \u0161kolky. Pr\u00fd ji hledala cel\u00e1 vesnice. Pan\u00ed u\u010ditelky ze \u0161kolky, kter\u00e9 m\u011bly na starost je\u0161t\u011b dal\u0161\u00ed d\u011bti, z toho byly pr\u00fd \u00fapln\u011b ne\u0161\u0165astn\u00e9, \u017ee jim zase utekla jeho dcera. Ano, proto\u017ee pr\u00e1v\u011b d\u011bdova dcera byla pr\u00fd velmi zn\u00e1m\u00e1 t\u00edm, \u017ee ut\u00edk\u00e1 ze \u0161kolky. P\u0159i\u0161lo mi to velmi vtipn\u00e9, tak jsem se zeptala sv\u00e9 maminky. Moje m\u00e1ma mi to v\u0161echno potvrdila a musela se u toho sm\u00e1t. Proto\u017ee ona mi \u0159ekla, \u017ee jsem taky jednou utekla ze \u0161kolky, kdy\u017e mi byly t\u0159i roky. J\u00e1 si to v\u016fbec nepamatuji, tak\u017ee to taky odm\u00edt\u00e1m tomu v\u011b\u0159it. Ale t\u0159eba je to pravda. A\u0165 tak nebo tak, bylo by mi to jedno. A pr\u00fd jsme utekla z toho\u00a0d\u016fvodu, \u017ee jsme se\u00a0b\u00e1la\u00a0j\u00edt na\u00a0mikul\u00e1\u0161skou\u00a0bes\u00eddku. A vy se\u00a0mi\u00a0div\u00edte? Nebyla jsem\u00a0ve\u00a0\u0161kolce\u00a0jedin\u00e9 d\u00edt\u011b, kter\u00e9 se\u00a0b\u00e1lo\u00a0\u010derta a Mikul\u00e1\u0161e. J\u00e1\u00a0jsem\u00a0se\u00a0b\u00e1la\u00a0hodn\u011b\u00a0a jako d\u00edt\u011b jsem na \u010derty v\u011b\u0159ila. A vy jako d\u011bti jsme se\u00a0n\u011b\u010deho\u00a0b\u00e1ly?                                                                                                                                                                                                                                                                                                                                                                                        4.1\/5 - (9 votes)        "},{"@context":"https:\/\/schema.org\/","@type":"BreadcrumbList","itemListElement":[{"@type":"ListItem","position":1,"name":"D\u011bti ve \u0161kolce","item":"https:\/\/www.orcela.cz\/deti-ve-skolce\/#breadcrumbitem"}]}]