[{"@context":"https:\/\/schema.org\/","@type":"Article","@id":"https:\/\/www.orcela.cz\/doplnte-si-vitaminy\/#Article","mainEntityOfPage":"https:\/\/www.orcela.cz\/doplnte-si-vitaminy\/","headline":"Dopl\u0148te si vitam\u00edny","name":"Dopl\u0148te si vitam\u00edny","description":"Podpora imunity Podpora imunity je d\u016fle\u017eit\u00e1 celoro\u010dn\u011b. O to d\u016fle\u017eit\u011bj\u0161\u00ed je v podzimn\u00edch a zimn\u00edch &hellip; ","datePublished":"2022-10-15","dateModified":"2023-09-13","author":{"@type":"Person","@id":"https:\/\/www.orcela.cz\/author\/#Person","name":"","url":"https:\/\/www.orcela.cz\/author\/","identifier":1,"image":{"@type":"ImageObject","@id":"https:\/\/secure.gravatar.com\/avatar\/99fa2d7bb0ff3369cbf7f1481134d0b6f7aff596e984b7c90a3d99b8b24eb0d8?s=96&d=mm&r=g","url":"https:\/\/secure.gravatar.com\/avatar\/99fa2d7bb0ff3369cbf7f1481134d0b6f7aff596e984b7c90a3d99b8b24eb0d8?s=96&d=mm&r=g","height":96,"width":96}},"publisher":{"@type":"Organization","name":"orcela.cz","logo":{"@type":"ImageObject","@id":"\/logo.png","url":"\/logo.png","width":600,"height":60}},"image":{"@type":"ImageObject","@id":"https:\/\/www.orcela.cz\/wp-content\/uploads\/sun-3588618_640_1.jpg","url":"https:\/\/www.orcela.cz\/wp-content\/uploads\/sun-3588618_640_1.jpg","height":0,"width":0},"url":"https:\/\/www.orcela.cz\/doplnte-si-vitaminy\/","about":["Produkty"],"wordCount":431,"articleBody":"       Podpora imunity Podpora imunity je d\u016fle\u017eit\u00e1 celoro\u010dn\u011b. O to d\u016fle\u017eit\u011bj\u0161\u00ed je v podzimn\u00edch a zimn\u00edch m\u011bs\u00edc\u00edch, kdy ka\u017edoro\u010dn\u011b \u0159\u00e1d\u00ed respira\u010dn\u00ed onemocn\u011bn\u00ed. T\u011bmi trp\u00ed d\u011bti i dosp\u011bl\u00ed. M\u016f\u017eete zna\u010dn\u011b sn\u00ed\u017eit riziko onemocn\u011bn\u00ed, pokud se budete pravideln\u011b starat o svou imunitu. Novorozenc\u016fm od narozen\u00ed d\u00e1v\u00e1me vitam\u00edn D, kter\u00fd je velmi d\u016fle\u017eit\u00fd pro jejich rozvoj. D\u011btem jej d\u00e1v\u00e1me, p\u0159itom na n\u011bj sami zapom\u00edn\u00e1me. Tento vitam\u00edn je nem\u00e9n\u011b d\u016fle\u017eit\u00fd i pro dosp\u011bl\u00e9.Jak\u00e9 jsou jeho benefity?Zvy\u0161uje obranyschopnost, a d\u00edky tomu n\u00e1m pom\u00e1h\u00e1 bojovat s infekcemiKvalita kost\u00ed a zub\u016f &#8211; kvalita kost\u00ed a zub\u016f je ud\u00e1v\u00e1na mimo jin\u00e9 v\u00fd\u0161\u00ed vitam\u00ednu D v organismuJe dobr\u00fd pro psychickou pohodu &#8211; sn\u00ed\u017een\u00e1 hladina vitam\u00ednu D m\u016f\u017ee zp\u016fsobovat depreseKvalitn\u00ed sp\u00e1nek &#8211; kvalita sp\u00e1nku je d\u016fle\u017eit\u00e1 pro spr\u00e1vn\u00e9 fungov\u00e1n\u00ed cel\u00e9ho t\u011blaPro\u010d si jako dosp\u011bl\u00ed nedop\u0159\u00e1v\u00e1me tak d\u016fle\u017eit\u00fd vitam\u00edn, jak\u00fdm D bezpochyby je? Jako jin\u00e9 vitam\u00edn a miner\u00e1ly jej m\u016f\u017eeme p\u0159ij\u00edmat ve strav\u011b a v pobytu na slun\u00ed\u010dku, co\u017e ov\u0161em nedok\u00e1\u017ee pokryt celoro\u010dn\u00ed spot\u0159ebu. To je d\u016fvod k jeho dopl\u0148ov\u00e1n\u00ed prost\u0159ednictv\u00edm potravinov\u00fdch dopl\u0148k\u016f. Jedn\u00edm z nich je p\u0159\u00edrodn\u00ed vitam\u00edn D v kapsl\u00edch.Vyzkou\u0161ejte kapsle s vitam\u00ednem D, kter\u00e9 pokryj\u00ed va\u0161i m\u011bs\u00ed\u010dn\u00ed spot\u0159ebu. Je pot\u0159eba vitam\u00edny a miner\u00e1ly dopl\u0148ovat denn\u011b, aby to m\u011blo n\u011bjak\u00fd efekt. Najdete v nich \u010dist\u011b vitam\u00edn D, a to bez barviv a zbyte\u010dn\u00fdch um\u011bl\u00fdch p\u0159\u00edsad. Mohou jej u\u017e\u00edvat v\u0161ichni podle d\u00e1vkov\u00e1n\u00ed na balen\u00ed, ale v\u017edy je lep\u0161\u00ed se poradit s l\u00e9ka\u0159em, kter\u00fd zn\u00e1 v\u00e1\u0161 zdravotn\u00ed stav. Nep\u0159im\u011b\u0159en\u00e9 u\u017e\u00edv\u00e1n\u00ed vitam\u00edn\u016f m\u016f\u017ee v\u00e9st k probl\u00e9m\u016fm, proto v\u017edy v\u0161echny dopl\u0148ky u\u017e\u00edvejte s rozvahou.Vyzkou\u0161ejte i dal\u0161\u00ed p\u0159\u00edpravky Najdete u n\u00e1s i dal\u0161\u00ed potravinov\u00e9 dopl\u0148ky, kter\u00fdmi m\u016f\u017eete suplementovat chyb\u011bj\u00edc\u00ed l\u00e1tky ve va\u0161em t\u011ble. Koup\u00edte u n\u00e1s i p\u0159\u00edrodn\u00ed kosmetiku, kter\u00e1 je vegansk\u00e1, bez chemik\u00e1li\u00ed a nen\u00ed testovan\u00e1 na zv\u00ed\u0159atech. N\u00e1kup u n\u00e1s se zkr\u00e1tka vyplat\u00ed.                                                                                                                                                                                                                                                                                                                                                                                         3.7\/5 - (6 votes)        "},{"@context":"https:\/\/schema.org\/","@type":"BreadcrumbList","itemListElement":[{"@type":"ListItem","position":1,"name":"Dopl\u0148te si vitam\u00edny","item":"https:\/\/www.orcela.cz\/doplnte-si-vitaminy\/#breadcrumbitem"}]}]