{"@context":"https:\/\/schema.org\/","@type":"CollectionPage","@id":"https:\/\/www.orcela.cz\/dum\/#CollectionPage","headline":"D\u016fm Category","description":"","url":"https:\/\/www.orcela.cz\/dum\/","hasPart":[{"@type":"Article","@id":"https:\/\/www.orcela.cz\/moc-penez\/","headline":"Moc pen\u011bz","url":"https:\/\/www.orcela.cz\/moc-penez\/","datePublished":"2024-07-30","dateModified":"2024-07-30","mainEntityOfPage":"https:\/\/www.orcela.cz\/moc-penez\/","author":{"@type":"Person","@id":"https:\/\/www.orcela.cz\/author\/#Person","name":"","url":"https:\/\/www.orcela.cz\/author\/","identifier":1,"image":{"@type":"ImageObject","@id":"https:\/\/secure.gravatar.com\/avatar\/99fa2d7bb0ff3369cbf7f1481134d0b6f7aff596e984b7c90a3d99b8b24eb0d8?s=96&d=mm&r=g","url":"https:\/\/secure.gravatar.com\/avatar\/99fa2d7bb0ff3369cbf7f1481134d0b6f7aff596e984b7c90a3d99b8b24eb0d8?s=96&d=mm&r=g","height":96,"width":96}},"publisher":{"@type":"Organization","name":"orcela.cz","logo":{"@type":"ImageObject","@id":"\/logo.png","url":"\/logo.png","width":600,"height":60}},"image":{"@type":"ImageObject","@id":"https:\/\/www.orcela.cz\/wp-content\/uploads\/bydlen%C3%AD_5.jpg","url":"https:\/\/www.orcela.cz\/wp-content\/uploads\/bydlen%C3%AD_5.jpg","height":0,"width":0},"keywords":null},{"@type":"Article","@id":"https:\/\/www.orcela.cz\/proc-je-u-nemovitosti-dulezita-spodni-voda\/","headline":"Pro\u010d je u nemovitost\u00ed d\u016fle\u017eit\u00e1 spodn\u00ed voda","url":"https:\/\/www.orcela.cz\/proc-je-u-nemovitosti-dulezita-spodni-voda\/","datePublished":"2024-04-27","dateModified":"2024-04-27","mainEntityOfPage":"https:\/\/www.orcela.cz\/proc-je-u-nemovitosti-dulezita-spodni-voda\/","author":{"@type":"Person","@id":"https:\/\/www.orcela.cz\/author\/#Person","name":"","url":"https:\/\/www.orcela.cz\/author\/","identifier":1,"image":{"@type":"ImageObject","@id":"https:\/\/secure.gravatar.com\/avatar\/99fa2d7bb0ff3369cbf7f1481134d0b6f7aff596e984b7c90a3d99b8b24eb0d8?s=96&d=mm&r=g","url":"https:\/\/secure.gravatar.com\/avatar\/99fa2d7bb0ff3369cbf7f1481134d0b6f7aff596e984b7c90a3d99b8b24eb0d8?s=96&d=mm&r=g","height":96,"width":96}},"publisher":{"@type":"Organization","name":"orcela.cz","logo":{"@type":"ImageObject","@id":"\/logo.png","url":"\/logo.png","width":600,"height":60}},"image":{"@type":"ImageObject","@id":"https:\/\/www.orcela.cz\/wp-content\/uploads\/hypoteka7_10_10_10_8.jpg","url":"https:\/\/www.orcela.cz\/wp-content\/uploads\/hypoteka7_10_10_10_8.jpg","height":0,"width":0},"keywords":null},{"@type":"Article","@id":"https:\/\/www.orcela.cz\/uklid-a-bude-hned-vic-radosti\/","headline":"Ukli\u010f! A bude hned v\u00edc radosti","url":"https:\/\/www.orcela.cz\/uklid-a-bude-hned-vic-radosti\/","datePublished":"2023-07-30","dateModified":"2024-01-30","mainEntityOfPage":"https:\/\/www.orcela.cz\/uklid-a-bude-hned-vic-radosti\/","author":{"@type":"Person","@id":"https:\/\/www.orcela.cz\/author\/#Person","name":"","url":"https:\/\/www.orcela.cz\/author\/","identifier":1,"image":{"@type":"ImageObject","@id":"https:\/\/secure.gravatar.com\/avatar\/99fa2d7bb0ff3369cbf7f1481134d0b6f7aff596e984b7c90a3d99b8b24eb0d8?s=96&d=mm&r=g","url":"https:\/\/secure.gravatar.com\/avatar\/99fa2d7bb0ff3369cbf7f1481134d0b6f7aff596e984b7c90a3d99b8b24eb0d8?s=96&d=mm&r=g","height":96,"width":96}},"publisher":{"@type":"Organization","name":"orcela.cz","logo":{"@type":"ImageObject","@id":"\/logo.png","url":"\/logo.png","width":600,"height":60}},"image":{"@type":"ImageObject","@id":"https:\/\/www.orcela.cz\/wp-content\/uploads\/house-1836070_640(1)_10_5.jpg","url":"https:\/\/www.orcela.cz\/wp-content\/uploads\/house-1836070_640(1)_10_5.jpg","height":0,"width":0},"keywords":null},{"@type":"Article","@id":"https:\/\/www.orcela.cz\/cviky-doma-jsou-skvele-na-zvyseni-energie\/","headline":"Cviky doma jsou skv\u011bl\u00e9 na zv\u00fd\u0161en\u00ed energie","url":"https:\/\/www.orcela.cz\/cviky-doma-jsou-skvele-na-zvyseni-energie\/","datePublished":"2023-07-05","dateModified":"2024-04-05","mainEntityOfPage":"https:\/\/www.orcela.cz\/cviky-doma-jsou-skvele-na-zvyseni-energie\/","author":{"@type":"Person","@id":"https:\/\/www.orcela.cz\/author\/#Person","name":"","url":"https:\/\/www.orcela.cz\/author\/","identifier":1,"image":{"@type":"ImageObject","@id":"https:\/\/secure.gravatar.com\/avatar\/99fa2d7bb0ff3369cbf7f1481134d0b6f7aff596e984b7c90a3d99b8b24eb0d8?s=96&d=mm&r=g","url":"https:\/\/secure.gravatar.com\/avatar\/99fa2d7bb0ff3369cbf7f1481134d0b6f7aff596e984b7c90a3d99b8b24eb0d8?s=96&d=mm&r=g","height":96,"width":96}},"publisher":{"@type":"Organization","name":"orcela.cz","logo":{"@type":"ImageObject","@id":"\/logo.png","url":"\/logo.png","width":600,"height":60}},"image":{"@type":"ImageObject","@id":"https:\/\/www.orcela.cz\/wp-content\/uploads\/house-1836070_1280%20(1)_6.jpg","url":"https:\/\/www.orcela.cz\/wp-content\/uploads\/house-1836070_1280%20(1)_6.jpg","height":0,"width":0},"keywords":null},{"@type":"Article","@id":"https:\/\/www.orcela.cz\/nejen-uvedenym-je-charakteristicka-nase-soucasnost\/","headline":"Nejen uveden\u00fdm je charakteristick\u00e1 na\u0161e sou\u010dasnost","url":"https:\/\/www.orcela.cz\/nejen-uvedenym-je-charakteristicka-nase-soucasnost\/","datePublished":"2022-10-16","dateModified":"2023-05-03","mainEntityOfPage":"https:\/\/www.orcela.cz\/nejen-uvedenym-je-charakteristicka-nase-soucasnost\/","author":{"@type":"Person","@id":"https:\/\/www.orcela.cz\/author\/#Person","name":"","url":"https:\/\/www.orcela.cz\/author\/","identifier":1,"image":{"@type":"ImageObject","@id":"https:\/\/secure.gravatar.com\/avatar\/99fa2d7bb0ff3369cbf7f1481134d0b6f7aff596e984b7c90a3d99b8b24eb0d8?s=96&d=mm&r=g","url":"https:\/\/secure.gravatar.com\/avatar\/99fa2d7bb0ff3369cbf7f1481134d0b6f7aff596e984b7c90a3d99b8b24eb0d8?s=96&d=mm&r=g","height":96,"width":96}},"publisher":{"@type":"Organization","name":"orcela.cz","logo":{"@type":"ImageObject","@id":"\/logo.png","url":"\/logo.png","width":600,"height":60}},"image":{"@type":"ImageObject","@id":"https:\/\/www.orcela.cz\/wp-content\/uploads\/stavebn%C3%AD%20firma_6.jpg","url":"https:\/\/www.orcela.cz\/wp-content\/uploads\/stavebn%C3%AD%20firma_6.jpg","height":0,"width":0},"keywords":null}]}