[{"@context":"https:\/\/schema.org\/","@type":"Article","@id":"https:\/\/www.orcela.cz\/elektrarna-na-strese\/#Article","mainEntityOfPage":"https:\/\/www.orcela.cz\/elektrarna-na-strese\/","headline":"Elektr\u00e1rna na st\u0159e\u0161e","name":"Elektr\u00e1rna na st\u0159e\u0161e","description":"Nu, napadlo to ji\u017e v\u00edce lid\u00ed a n\u011bjak kolem roku osmn\u00e1ct set \u0161edes\u00e1t se to &hellip; ","datePublished":"2023-07-26","dateModified":"2023-07-26","author":{"@type":"Person","@id":"https:\/\/www.orcela.cz\/author\/#Person","name":"","url":"https:\/\/www.orcela.cz\/author\/","identifier":1,"image":{"@type":"ImageObject","@id":"https:\/\/secure.gravatar.com\/avatar\/99fa2d7bb0ff3369cbf7f1481134d0b6f7aff596e984b7c90a3d99b8b24eb0d8?s=96&d=mm&r=g","url":"https:\/\/secure.gravatar.com\/avatar\/99fa2d7bb0ff3369cbf7f1481134d0b6f7aff596e984b7c90a3d99b8b24eb0d8?s=96&d=mm&r=g","height":96,"width":96}},"publisher":{"@type":"Organization","name":"orcela.cz","logo":{"@type":"ImageObject","@id":"\/logo.png","url":"\/logo.png","width":600,"height":60}},"image":{"@type":"ImageObject","@id":"https:\/\/www.orcela.cz\/wp-content\/uploads\/energy_landscape_desert_mountains.jpg","url":"https:\/\/www.orcela.cz\/wp-content\/uploads\/energy_landscape_desert_mountains.jpg","height":0,"width":0},"url":"https:\/\/www.orcela.cz\/elektrarna-na-strese\/","about":["Produkty"],"wordCount":434,"articleBody":"   Nu, napadlo to ji\u017e v\u00edce lid\u00ed a n\u011bjak kolem roku osmn\u00e1ct set \u0161edes\u00e1t se to stalo. Byl pozorov\u00e1n jev, kter\u00fd to mohl dok\u00e1zat. O hodn\u011b pozd\u011bji byl pod\u00e1n patent na slune\u010dn\u00ed panel. A tak se zrodila skoro \u010dist\u00e1 energie. Nav\u00edc voln\u011b p\u0159\u00edstupn\u00e1 ka\u017ed\u00e9mu \u010dlov\u011bku. No, ka\u017ed\u00e9mu asi ne, pokud m\u00e1te panel\u00e1kov\u00fd byt obr\u00e1cen\u00fd na sever, tak v\u00e1s takov\u00e1 v\u011bc asi moc zaj\u00edmat nebude. Jsou v\u0161ak mezi n\u00e1mi majitel\u00e9 dom\u016f a ty by to rozhodn\u011b zaj\u00edmat m\u011blo. Tento sol\u00e1rn\u00ed panel joyce-energie.cz toti\u017e dok\u00e1\u017ee prav\u00e9 z\u00e1zraky. Ne s\u00e1m, pochopiteln\u011b, spolu s jin\u00fdmi. Kdy\u017e se jich d\u00e1 v\u00edce vedle sebe a cel\u00e9 se to propoj\u00ed, dok\u00e1\u017ee to vyrobit energii pr\u00e1v\u011b pro ten rodinn\u00fd d\u016fm. A to po\u0159\u00e1d, pokud sv\u00edt\u00ed slunce. V zim\u011b je ho m\u00e9n\u011b a tehdy se vyr\u00e1b\u00ed jen tak na \u010dty\u0159icet procent.Celou v\u011bc v\u00fdroby elekt\u0159iny mus\u00ed vz\u00edt do rukou odborn\u00edci, jako t\u0159eba ti, na kter\u00e9 je odkaz v\u00fd\u0161e v \u010dl\u00e1nku. Tito mu\u017eov\u00e9 v\u00e1m klidn\u011b napoj\u00ed na levnou a \u010distou elektriku t\u0159eba i kadibudku za domem. Proto\u017ee oni to um\u00ed. A um\u00ed to levn\u011b a dob\u0159e. Jen jim sta\u010d\u00ed d\u00e1t najevo, \u017ee m\u00e1te z\u00e1jem a r\u00e1zem se rozto\u010d\u00ed koloto\u010d, na jeho\u017e konci budete vyr\u00e1b\u011bt svou vlastn\u00ed elekt\u0159inu. Je samoz\u0159ejm\u00e9, \u017ee to bude n\u011bco st\u00e1t. Ale panely jsou nyn\u00ed ve slevov\u00e9m obdob\u00ed, tak\u017ee je to zase p\u00e1r korun v z\u00e1kladn\u00ed investici u\u0161et\u0159eno. A hodn\u011b korun bude u\u0161et\u0159eno t\u00edm, \u017ee si \u010dlov\u011bk pod\u00e1 \u017e\u00e1dost o dotaci. A v\u011b\u0159te nebo ne, nen\u00ed to nijak zanedbateln\u00e1 \u010d\u00e1stka. Nejde toti\u017e o p\u00e1r stokorun, nebo tis\u00edcikorun. Zde jde o mnohem v\u011bt\u0161\u00ed pen\u00edze a bylo by \u0161koda nechat je propadnout. Ov\u0161em pokud je pro v\u00e1s pades\u00e1t a v\u00edce tis\u00edc jen uboh\u00fdm obolem, n\u011bco jako p\u011btikoruna, pak ov\u0161em o dotaci \u017e\u00e1dat net\u0159eba. A pozor, o tu se mus\u00ed \u017e\u00e1dat a pak b\u011bhat po kancel\u00e1\u0159\u00edch. Pokud jste se v\u0161ak rozhodli pro firmu, kter\u00e1 m\u00e1 v\u00fd\u0161e v \u010dl\u00e1nku odkaz, nic z toho d\u011blat nemus\u00edte. Tato firma v\u00e1m nab\u00eddne vy\u0159\u00edzen\u00ed dotace hned na za\u010d\u00e1tku jedn\u00e1n\u00ed a tak\u00e9 pro v\u00e1s dotaci za\u0159\u00edd\u00ed.                                                                                                                                                                                                                                                                                                                                                                                           5\/5 - (4 votes)        "},{"@context":"https:\/\/schema.org\/","@type":"BreadcrumbList","itemListElement":[{"@type":"ListItem","position":1,"name":"Elektr\u00e1rna na st\u0159e\u0161e","item":"https:\/\/www.orcela.cz\/elektrarna-na-strese\/#breadcrumbitem"}]}]