[{"@context":"https:\/\/schema.org\/","@type":"Article","@id":"https:\/\/www.orcela.cz\/jak-chranit-vase-oci-pred-uv-zarenim\/#Article","mainEntityOfPage":"https:\/\/www.orcela.cz\/jak-chranit-vase-oci-pred-uv-zarenim\/","headline":"Jak chr\u00e1nit va\u0161e o\u010di p\u0159ed UV z\u00e1\u0159en\u00edm?","name":"Jak chr\u00e1nit va\u0161e o\u010di p\u0159ed UV z\u00e1\u0159en\u00edm?","description":"Ultrafialov\u00e9 z\u00e1\u0159en\u00ed, zkr\u00e1cen\u011b UV z\u00e1\u0159en\u00ed je pro \u010dlov\u011bka neviditeln\u00e9, av\u0161ak ur\u010dit\u00fdm zp\u016fsobem ho dok\u00e1\u017eeme vn\u00edmat. &hellip; ","datePublished":"2022-11-20","dateModified":"2023-05-03","author":{"@type":"Person","@id":"https:\/\/www.orcela.cz\/author\/#Person","name":"","url":"https:\/\/www.orcela.cz\/author\/","identifier":1,"image":{"@type":"ImageObject","@id":"https:\/\/secure.gravatar.com\/avatar\/99fa2d7bb0ff3369cbf7f1481134d0b6f7aff596e984b7c90a3d99b8b24eb0d8?s=96&d=mm&r=g","url":"https:\/\/secure.gravatar.com\/avatar\/99fa2d7bb0ff3369cbf7f1481134d0b6f7aff596e984b7c90a3d99b8b24eb0d8?s=96&d=mm&r=g","height":96,"width":96}},"publisher":{"@type":"Organization","name":"orcela.cz","logo":{"@type":"ImageObject","@id":"\/logo.png","url":"\/logo.png","width":600,"height":60}},"image":{"@type":"ImageObject","@id":"https:\/\/www.orcela.cz\/wp-content\/uploads\/pexels-pixabay-301599.jpg","url":"https:\/\/www.orcela.cz\/wp-content\/uploads\/pexels-pixabay-301599.jpg","height":0,"width":0},"url":"https:\/\/www.orcela.cz\/jak-chranit-vase-oci-pred-uv-zarenim\/","about":["Produkty"],"wordCount":446,"articleBody":"   Ultrafialov\u00e9 z\u00e1\u0159en\u00ed, zkr\u00e1cen\u011b UV z\u00e1\u0159en\u00ed je pro \u010dlov\u011bka neviditeln\u00e9, av\u0161ak ur\u010dit\u00fdm zp\u016fsobem ho dok\u00e1\u017eeme vn\u00edmat. Jeho d\u016fsledky tak\u00e9 poc\u00edt\u00edme, pokud se p\u0159ed n\u00edm dostate\u010dn\u011b nechr\u00e1n\u00edme. UV z\u00e1\u0159en\u00ed lze vyrobit um\u011ble, p\u0159irozen\u00fdm zdrojem a t\u00edm nejzn\u00e1m\u011bj\u0161\u00edm je ale Slunce.UV z\u00e1\u0159en\u00ed nep\u0159ich\u00e1z\u00ed pouze p\u0159\u00edmo od slunce, m\u016f\u017ee se k n\u00e1m tak\u00e9 odr\u00e1\u017eet od sn\u011bhu, vody, p\u00edsku nebo jin\u00fdch povrch\u016f. Proto je t\u0159eba se v\u017edy a d\u016fkladn\u011b chr\u00e1nit.Nejspolehliv\u011bj\u0161\u00ed ochranou o\u010d\u00ed p\u0159ed slune\u010dn\u00edm z\u00e1\u0159en\u00edm jsou slune\u010dn\u00ed br\u00fdle. Na trhu jsou tis\u00edce nejr\u016fzn\u011bj\u0161\u00edch model\u016f. Pokud hled\u00e1te slu\u0161iv\u00e9 a modern\u00ed br\u00fdle pro \u017eeny, mohli by v\u00e1s zaujmout d\u00e1msk\u00e9 slune\u010dn\u00ed br\u00fdle Luxbryle.cz. Se\u017eenete ale samoz\u0159ejm\u011b i spoustu typ\u016f pro mu\u017ee \u010di pro d\u011bti.Slune\u010dn\u00ed br\u00fdle v\u00e1s jednak chr\u00e1n\u00ed p\u0159ed UV z\u00e1\u0159en\u00edm a tak\u00e9 dok\u00e1\u017eou filtrovat sv\u011btlo.Mus\u00edte si ale vyb\u00edrat takov\u00fd typ br\u00fdl\u00ed, kter\u00fd dok\u00e1\u017ee absorbovat UV z\u00e1\u0159en\u00ed. Oby\u010dejn\u00e9 br\u00fdle za p\u00e1r korun z m\u00f3dn\u00edho \u0159et\u011bzce na v\u00e1s mo\u017en\u00e1 budou vypadat dob\u0159e, ale p\u0159ed sluncem v\u00e1s neochr\u00e1n\u00ed. P\u0159itom kvalitn\u00ed slune\u010dn\u00ed br\u00fdle u\u017e dnes opravdu nestoj\u00ed mnoho pen\u011bz. M\u016f\u017eete si je zakoupit sami, nebo v\u00e1m je m\u016f\u017ee p\u0159edepsat v\u00e1\u0161 o\u010dn\u00ed l\u00e9ka\u0159. To hlavn\u011b v p\u0159\u00edpad\u011b, kdy nos\u00edte dioptrick\u00e9 br\u00fdle a pot\u0159ebujete k nim tedy je\u0161t\u011b alternativu, kter\u00e1 v\u00e1s ochr\u00e1n\u00ed p\u0159ed UV z\u00e1\u0159en\u00edm.Je d\u016fle\u017eit\u00e9 si uv\u011bdomit, \u017ee pokud se nebudeme p\u0159ed UV z\u00e1\u0159en\u00edm chr\u00e1nit, m\u016f\u017eeme utrp\u011bt v\u00e1\u017en\u00e9 po\u0161kozen\u00ed zraku. Doch\u00e1z\u00ed tak\u00e9 k zv\u00fd\u0161en\u00e9mu riziku rakoviny k\u016f\u017ee v oblasti o\u010d\u00ed. Nejv\u00edce ohro\u017een\u00ed jsou ti, kte\u0159\u00ed tr\u00e1v\u00ed na slune\u010dn\u00edm z\u00e1\u0159en\u00ed dlouh\u00fd \u010das nebo na n\u011bm pracuj\u00ed.Vy\u0161\u0161\u00ed riziko po\u0161kozen\u00ed o\u010d\u00ed sluncem je tak\u00e9 u lid\u00ed, kte\u0159\u00ed:Maj\u00ed za sebou operaci \u0161ed\u00e9ho z\u00e1kladu.Maj\u00ed poruchy s\u00edtnice.U\u017e\u00edvaj\u00ed l\u00e9ky jako je antikoncepce, diuretika, tetracyklin nebo dal\u0161\u00ed, kter\u00e9 zvy\u0161uj\u00ed citlivost o\u010d\u00ed na sv\u011btlo.Dbejte taky na zv\u00fd\u0161enou ochranu, pokud jste na dovolen\u00e9 u mo\u0159e, nebo na hor\u00e1ch, kde va\u0161e o\u010di dost\u00e1vaj\u00ed od slun\u00ed\u010dka je\u0161t\u011b v\u00edce zabrat.                                                                                                                                                                                                                                                                                                                                                                                          4.3\/5 - (9 votes)        "},{"@context":"https:\/\/schema.org\/","@type":"BreadcrumbList","itemListElement":[{"@type":"ListItem","position":1,"name":"Jak chr\u00e1nit va\u0161e o\u010di p\u0159ed UV z\u00e1\u0159en\u00edm?","item":"https:\/\/www.orcela.cz\/jak-chranit-vase-oci-pred-uv-zarenim\/#breadcrumbitem"}]}]