[{"@context":"https:\/\/schema.org\/","@type":"Article","@id":"https:\/\/www.orcela.cz\/jak-se-oblect-na-festival\/#Article","mainEntityOfPage":"https:\/\/www.orcela.cz\/jak-se-oblect-na-festival\/","headline":"Jak se obl\u00e9ct na festival?","name":"Jak se obl\u00e9ct na festival?","description":"Festival\u016f je mnoho. N\u011bkter\u00e9 jsou i v\u00edcedenn\u00ed, n\u011bkter\u00e9 jsou pro lidi, kte\u0159\u00ed maj\u00ed r\u00e1di danou &hellip; ","datePublished":"2022-07-10","dateModified":"2022-07-10","author":{"@type":"Person","@id":"https:\/\/www.orcela.cz\/author\/#Person","name":"","url":"https:\/\/www.orcela.cz\/author\/","identifier":1,"image":{"@type":"ImageObject","@id":"https:\/\/secure.gravatar.com\/avatar\/99fa2d7bb0ff3369cbf7f1481134d0b6f7aff596e984b7c90a3d99b8b24eb0d8?s=96&d=mm&r=g","url":"https:\/\/secure.gravatar.com\/avatar\/99fa2d7bb0ff3369cbf7f1481134d0b6f7aff596e984b7c90a3d99b8b24eb0d8?s=96&d=mm&r=g","height":96,"width":96}},"publisher":{"@type":"Organization","name":"orcela.cz","logo":{"@type":"ImageObject","@id":"\/logo.png","url":"\/logo.png","width":600,"height":60}},"image":{"@type":"ImageObject","@id":"https:\/\/www.orcela.cz\/wp-content\/uploads\/girl-g613df0618_640.jpg","url":"https:\/\/www.orcela.cz\/wp-content\/uploads\/girl-g613df0618_640.jpg","height":0,"width":0},"url":"https:\/\/www.orcela.cz\/jak-se-oblect-na-festival\/","about":["M\u00f3da"],"wordCount":420,"articleBody":"Festival\u016f je mnoho. N\u011bkter\u00e9 jsou i v\u00edcedenn\u00ed, n\u011bkter\u00e9 jsou pro lidi, kte\u0159\u00ed maj\u00ed r\u00e1di danou kapelu, n\u011bkter\u00e9 jsou pro lidi, kte\u0159\u00ed zast\u00e1vaj\u00ed danou skupinu lid\u00ed, jsou doprov\u00e1zeny r\u016fzn\u00fdmi pr\u016fvody a podobn\u011b, n\u011bkter\u00e9 jsou pro milovn\u00edky j\u00eddla, zkr\u00e1tka festival\u016f je mnoho a je tak\u00e9 mnoho t\u00e9mat, o kter\u00fdch festivaly mohou b\u00fdt. Ka\u017ed\u00fd si tak vybere to, co m\u00e1 r\u00e1d. Pokud n\u011bkdo n\u011bco nem\u00e1 r\u00e1d, na festival jednodu\u0161e nejde. Takhle to funguje. Ka\u017ed\u00fd si ale m\u016f\u017ee j\u00edt na p\u0159esn\u011b takov\u00fd festival, jak\u00fd mu vyhovuje.Pokud jsou festivaly v\u00edcedenn\u00ed, je mo\u017enost si zakoupit vstupenku na v\u00edce dn\u00ed a p\u0159espat na prostranstv\u00ed, kter\u00e9 je ur\u010deno pr\u00e1v\u011b k p\u0159esp\u00e1v\u00e1n\u00ed lid\u00ed, kte\u0159\u00ed na festivalu z\u016fst\u00e1vaj\u00ed v\u00edce dn\u00ed. Lid\u00e9 si ale mohou zaplatit jen vstup na jeden den a nesp\u00ed tam. N\u011bkomu vyhovuje tam p\u0159espat, pokud je nap\u0159\u00edklad z velk\u00e9 d\u00e1lky, ale je to pon\u011bkud n\u00e1ro\u010dn\u00e9 a nav\u00edc ne v\u0161em vyhovuje p\u0159esp\u00e1vat na ve\u0159ejn\u00e9m prostranstv\u00ed. Ka\u017ed\u00fd je ale jin\u00fd a to, co vyhovuje n\u011bkomu nemus\u00ed nutn\u011b vyhovovat druh\u00e9mu. Jak se na takov\u00fd festival obl\u00e9ct, kdy\u017e tam t\u0159eba sp\u00edte, co si s sebou p\u0159ibalit?Samoz\u0159ejm\u011b z\u00e1le\u017e\u00ed, jak\u00fd festival to je. Pokud se jedn\u00e1 o rockov\u00fd festival, jist\u011b na n\u011bj nep\u016fjdeme v r\u016f\u017eov\u00fdch \u0161atech jako princezny. Ov\u0161em bereme v potaz, \u017ee se jedn\u00e1 o festival, kter\u00fd nen\u00ed ni\u010d\u00edm speci\u00e1ln\u00ed. Mysl\u00edme t\u00edm festival, kter\u00fd je ur\u010den pro v\u0161echny, jedn\u00e1 se tedy nap\u0159\u00edklad o hudebn\u00ed festival a podobn\u011b a hrajou na n\u011bm norm\u00e1ln\u00ed kapely.Festivaly jsou od toho, abychom se chovali a obl\u00e9kli netypicky. Abychom si na sebe vzali n\u011bco, co n\u00e1m nep\u0159ijde v\u0161edn\u00ed a abychom se trochu odv\u00e1zali. Pokud tedy m\u016f\u017eete, oble\u010dte si n\u011bco crazy, n\u011bco \u0161\u00edlen\u00e9ho. Pou\u017eijte barvy, proto\u017ee to je dost samo o sob\u011b crazy. Pou\u017eijte t\u0159pytky na t\u011blo, na obli\u010dej, pou\u017eijte zvl\u00e1\u0161tn\u00ed l\u00ed\u010den\u00ed, \u0159asy, v\u00fdrazn\u00fd makeup. Oble\u010den\u00ed co nejv\u00edc crazy, klidn\u011b i n\u011bco odhalte. Festival je \u010das, kdy se nemus\u00edte b\u00e1t si na sebe vz\u00edt n\u011bco v\u00edc crazy, to si pamatujte!                                                                                                                                                                                                                                                                                                                                                                                        4.3\/5 - (3 votes)        "},{"@context":"https:\/\/schema.org\/","@type":"BreadcrumbList","itemListElement":[{"@type":"ListItem","position":1,"name":"Jak se obl\u00e9ct na festival?","item":"https:\/\/www.orcela.cz\/jak-se-oblect-na-festival\/#breadcrumbitem"}]}]