[{"@context":"https:\/\/schema.org\/","@type":"Article","@id":"https:\/\/www.orcela.cz\/jak-se-v-klidu-prestehovat\/#Article","mainEntityOfPage":"https:\/\/www.orcela.cz\/jak-se-v-klidu-prestehovat\/","headline":"Jak se v klidu p\u0159est\u011bhovat","name":"Jak se v klidu p\u0159est\u011bhovat","description":"St\u011bhov\u00e1n\u00ed lid\u00e9 moc nemaj\u00ed r\u00e1di, a tak se cel\u00fd \u017eivot sna\u017e\u00ed se st\u011bhovat minim\u00e1ln\u011b, aby &hellip; ","datePublished":"2022-10-24","dateModified":"2023-05-03","author":{"@type":"Person","@id":"https:\/\/www.orcela.cz\/author\/#Person","name":"","url":"https:\/\/www.orcela.cz\/author\/","identifier":1,"image":{"@type":"ImageObject","@id":"https:\/\/secure.gravatar.com\/avatar\/99fa2d7bb0ff3369cbf7f1481134d0b6f7aff596e984b7c90a3d99b8b24eb0d8?s=96&d=mm&r=g","url":"https:\/\/secure.gravatar.com\/avatar\/99fa2d7bb0ff3369cbf7f1481134d0b6f7aff596e984b7c90a3d99b8b24eb0d8?s=96&d=mm&r=g","height":96,"width":96}},"publisher":{"@type":"Organization","name":"orcela.cz","logo":{"@type":"ImageObject","@id":"\/logo.png","url":"\/logo.png","width":600,"height":60}},"image":{"@type":"ImageObject","@id":"https:\/\/www.orcela.cz\/wp-content\/uploads\/transport-g0f2dc2d30_640.png","url":"https:\/\/www.orcela.cz\/wp-content\/uploads\/transport-g0f2dc2d30_640.png","height":0,"width":0},"url":"https:\/\/www.orcela.cz\/jak-se-v-klidu-prestehovat\/","about":["Podnik\u00e1n\u00ed"],"wordCount":452,"articleBody":"   St\u011bhov\u00e1n\u00ed lid\u00e9 moc nemaj\u00ed r\u00e1di, a tak se cel\u00fd \u017eivot sna\u017e\u00ed se st\u011bhovat minim\u00e1ln\u011b, aby nemuseli \u0159e\u0161it pr\u00e1v\u011b probl\u00e9my spojen\u00e9 se st\u011bhov\u00e1n\u00edm, kter\u00e9 mus\u00ed ka\u017ed\u00fd, kdo se chce p\u0159est\u011bhovat \u0159e\u0161it. Jsou to ale p\u0159esn\u011b takov\u00e9 probl\u00e9my, jak\u00e9 si vy sami ud\u011bl\u00e1te. Jasn\u011b, \u017ee si v\u0161ichni mus\u00ed za\u0159\u00eddit to sam\u00e9, ale pokud si to za\u0159\u00edd\u00edte dob\u0159e, probl\u00e9my m\u00edt nebudete a nebude v\u00e1m to d\u011blat probl\u00e9m, to si pi\u0161te. Mus\u00edte si ale vytvo\u0159it jak\u00fdsi pl\u00e1n, kter\u00fd v\u00e1m pom\u016f\u017ee v\u0161e zvl\u00e1dnout. Pokud toto zvl\u00e1dnete, povede se v\u00e1m p\u0159i st\u011bhov\u00e1n\u00ed dob\u0159e a nebudete m\u00edt probl\u00e9my. Jak si takov\u00fd pl\u00e1n ale vytvo\u0159it? Jednak je t\u0159eba si vypsat do bod\u016f, co v\u0161echno pot\u0159ebujete. Za prv\u00e9 si mus\u00edte sehnat n\u011bco, v \u010dem si v\u011bci p\u0159enesete do druh\u00e9ho bytu, kam se st\u011bhujete (nebo domu, to je jedno). Mysl\u00edme t\u00edm krabice, do kter\u00fdch si v\u011bci d\u00e1te, proto\u017ee je to asi nejlep\u0161\u00ed zp\u016fsob, jak se p\u0159est\u011bhovat. Zn\u00e1te to i z film\u016f a ono je to opravdu nejlep\u0161\u00ed zp\u016fsob, to n\u00e1m v\u011b\u0159te. \u017d\u00e1dn\u00e9 igelitky nepou\u017e\u00edvejte, jen na oble\u010den\u00ed, proto\u017ee hrne\u010dky a n\u00e1dob\u00ed by se v\u00e1m mohlo rozb\u00edt a v krabici je v\u00edce chr\u00e1n\u011bn\u00e9. Ostatn\u011b ho takhle i dost\u00e1v\u00e1te, kdy\u017e si ho objedn\u00e1v\u00e1te, tak\u017ee takto stejn\u011b si ho zabalte. Pokud bude v krabici, bude v bezpe\u010d\u00ed. Tak\u00e9 si na ka\u017edou krabici napi\u0161te, co v n\u00ed je. A vytvo\u0159te si jednu krabici, kter\u00e1 bude jako krabice prvn\u00ed z\u00e1chrany.Bude to ta krabice, kterou si rozbal\u00edte hned po p\u0159est\u011bhov\u00e1n\u00ed. Budete tam m\u00edt ty hlavn\u00ed v\u011bci, kter\u00e9 byste si vzali t\u0159eba na dovolenou do p\u0159\u00edru\u010dn\u00edho zavazadla. N\u011bco, co zkr\u00e1tka pot\u0159ebujete hned po p\u0159ijet\u00ed. D\u00e1le si mus\u00edte sehnat firmu, kter\u00e1 v\u00e1m vyklid\u00ed byt, tedy vykl\u00edzen\u00ed nemovitost\u00ed. Ti v\u00e1m vyklid\u00ed n\u00e1bytek, ale pozor! Mus\u00edte si sehnat i dod\u00e1vku, kter\u00e1 v\u00e1m toto v\u0161echno p\u0159eveze na m\u00edsto. Pokud nechcete moc utratit, \u0159ekn\u011bte kamar\u00e1dovi, kter\u00fd m\u00e1 v\u011bt\u0161\u00ed auto, nebo to zkuste naskl\u00e1dat do osobn\u00edho automobilu, co\u017e v p\u0159\u00edpad\u011b n\u011bkter\u00fdch n\u00e1bytk\u016f asi moc nep\u016fjde. Pokud si toto v\u0161echno sep\u00ed\u0161ete, nebudete m\u00edt probl\u00e9m.                                                                                                                                                                                                                                                                                                                                                                                          4.2\/5 - (8 votes)        "},{"@context":"https:\/\/schema.org\/","@type":"BreadcrumbList","itemListElement":[{"@type":"ListItem","position":1,"name":"Jak se v klidu p\u0159est\u011bhovat","item":"https:\/\/www.orcela.cz\/jak-se-v-klidu-prestehovat\/#breadcrumbitem"}]}]