[{"@context":"https:\/\/schema.org\/","@type":"Article","@id":"https:\/\/www.orcela.cz\/kdyz-neco-noveho-zacina\/#Article","mainEntityOfPage":"https:\/\/www.orcela.cz\/kdyz-neco-noveho-zacina\/","headline":"Kdy\u017e n\u011bco nov\u00e9ho za\u010d\u00edn\u00e1","name":"Kdy\u017e n\u011bco nov\u00e9ho za\u010d\u00edn\u00e1","description":"\u010cek\u00e1n\u00ed na za\u010d\u00e1tek dal\u0161\u00edho roku s\u00a0sebou nese jednak dobu adventu a v\u00e1no\u010dn\u00edch sv\u00e1tk\u016f, jednak mnoh\u00e1 &hellip; ","datePublished":"2024-01-09","dateModified":"2024-01-09","author":{"@type":"Person","@id":"https:\/\/www.orcela.cz\/author\/#Person","name":"","url":"https:\/\/www.orcela.cz\/author\/","identifier":1,"image":{"@type":"ImageObject","@id":"https:\/\/secure.gravatar.com\/avatar\/99fa2d7bb0ff3369cbf7f1481134d0b6f7aff596e984b7c90a3d99b8b24eb0d8?s=96&d=mm&r=g","url":"https:\/\/secure.gravatar.com\/avatar\/99fa2d7bb0ff3369cbf7f1481134d0b6f7aff596e984b7c90a3d99b8b24eb0d8?s=96&d=mm&r=g","height":96,"width":96}},"publisher":{"@type":"Organization","name":"orcela.cz","logo":{"@type":"ImageObject","@id":"\/logo.png","url":"\/logo.png","width":600,"height":60}},"url":"https:\/\/www.orcela.cz\/kdyz-neco-noveho-zacina\/","wordCount":251,"articleBody":"\u010cek\u00e1n\u00ed na za\u010d\u00e1tek dal\u0161\u00edho roku s\u00a0sebou nese jednak dobu adventu a v\u00e1no\u010dn\u00edch sv\u00e1tk\u016f, jednak mnoh\u00e1 o\u010dek\u00e1v\u00e1n\u00ed od nast\u00e1vaj\u00edc\u00edho obdob\u00ed. Pot\u011b\u0161te sv\u00e9 bl\u00edzk\u00e9 nebo obchodn\u00ed partnery v\u00a0t\u00e9to n\u00e1ro\u010dn\u00e9 dob\u011b a po\u0161lete jim novoro\u010dn\u00ed p\u0159\u00e1n\u00ed, kter\u00e9 vyj\u00e1d\u0159\u00ed V\u00e1\u0161 vztah k\u00a0nim. U n\u00e1s m\u016f\u017eete vyb\u00edrat z\u00a0cel\u00e9 \u0159ady modern\u00edch i tradi\u010dn\u00edch prost\u00fdch i otev\u00edrac\u00edch karet, v\u0161e ve kvalitn\u00edm proveden\u00ed a samoz\u0159ejm\u011b v\u00a0mnoha barv\u00e1ch. Na vybran\u00e9 zbo\u017e\u00ed samoz\u0159ejm\u011b dopln\u00edme individu\u00e1ln\u00ed text, logo firmy \u010di jin\u00e9 n\u00e1le\u017eitosti.V\u00edce ne\u017e pohledniceP\u0159\u00e1n\u00ed v\u0161eho dobr\u00e9ho v\u00a0bl\u00edzk\u00e9 budoucnosti, zas\u00edlan\u00e9 v\u00a0adventn\u00edm obdob\u00ed, nemus\u00ed m\u00edt nutn\u011b jen formu pohlednice. Krom\u011b kvalitn\u00edho pap\u00edrov\u00e9ho zbo\u017e\u00ed ve vysok\u00e9 kvalit\u011b V\u00e1m m\u016f\u017eeme nab\u00eddnout i potisk etiket a krabic na v\u00edno, p\u0159\u00edpadn\u011b praktick\u00fdch visa\u010dek, kter\u00e9 vyj\u00e1d\u0159\u00ed v\u0161e pot\u0159ebn\u00e9. Touto jedine\u010dnou formou se m\u016f\u017eete p\u0159ipomenout, vyj\u00e1d\u0159it pod\u011bkov\u00e1n\u00ed a \u00factu, ocenit spole\u010dn\u011b odv\u00e1d\u011bnou pr\u00e1ci. Pot\u011b\u0161\u00ed ji\u017e samotn\u00fd fakt, \u017ee jste si vzpomn\u011bli a vynalo\u017eili \u00fasil\u00ed ke kontaktov\u00e1n\u00ed t\u00edmto prost\u0159ednictv\u00edm. Dod\u00e1me V\u00e1m reprezentativn\u00ed zbo\u017e\u00ed s\u00a0mo\u017enost\u00ed p\u0159edti\u0161t\u011bn\u00e9ho i osobn\u00edho textu, kter\u00e9 na prvn\u00ed pohled zaujme.                                                                                                                                                                                                                                                                                                                                                                                        4.8\/5 - (9 votes)        "},{"@context":"https:\/\/schema.org\/","@type":"BreadcrumbList","itemListElement":[{"@type":"ListItem","position":1,"name":"Kdy\u017e n\u011bco nov\u00e9ho za\u010d\u00edn\u00e1","item":"https:\/\/www.orcela.cz\/kdyz-neco-noveho-zacina\/#breadcrumbitem"}]}]