[{"@context":"https:\/\/schema.org\/","@type":"Article","@id":"https:\/\/www.orcela.cz\/kdyz-senior-nedokaze-vyjit-s-penezi\/#Article","mainEntityOfPage":"https:\/\/www.orcela.cz\/kdyz-senior-nedokaze-vyjit-s-penezi\/","headline":"Kdy\u017e senior nedok\u00e1\u017ee vyj\u00edt s pen\u011bzi","name":"Kdy\u017e senior nedok\u00e1\u017ee vyj\u00edt s pen\u011bzi","description":"Mnoz\u00ed sta\u0159\u00ed lid\u00e9 si st\u011b\u017euj\u00ed, \u017ee maj\u00ed mal\u00e9 d\u016fchody a nejsou schopni vych\u00e1zet s pen\u011bzi. &hellip; ","datePublished":"2025-10-01","dateModified":"2025-10-01","author":{"@type":"Person","@id":"https:\/\/www.orcela.cz\/author\/#Person","name":"","url":"https:\/\/www.orcela.cz\/author\/","identifier":1,"image":{"@type":"ImageObject","@id":"https:\/\/secure.gravatar.com\/avatar\/99fa2d7bb0ff3369cbf7f1481134d0b6f7aff596e984b7c90a3d99b8b24eb0d8?s=96&d=mm&r=g","url":"https:\/\/secure.gravatar.com\/avatar\/99fa2d7bb0ff3369cbf7f1481134d0b6f7aff596e984b7c90a3d99b8b24eb0d8?s=96&d=mm&r=g","height":96,"width":96}},"publisher":{"@type":"Organization","name":"orcela.cz","logo":{"@type":"ImageObject","@id":"\/logo.png","url":"\/logo.png","width":600,"height":60}},"image":{"@type":"ImageObject","@id":"https:\/\/www.orcela.cz\/wp-content\/uploads\/img_a308576_w2095_t1519666935.jpg","url":"https:\/\/www.orcela.cz\/wp-content\/uploads\/img_a308576_w2095_t1519666935.jpg","height":0,"width":0},"url":"https:\/\/www.orcela.cz\/kdyz-senior-nedokaze-vyjit-s-penezi\/","wordCount":409,"articleBody":"Mnoz\u00ed sta\u0159\u00ed lid\u00e9 si st\u011b\u017euj\u00ed, \u017ee maj\u00ed mal\u00e9 d\u016fchody a nejsou schopni vych\u00e1zet s pen\u011bzi. Vych\u00e1zej\u00ed jen d\u00edky tomu, \u017ee studuj\u00ed let\u00e1ky hypermarket\u016f a hledaj\u00ed slevy. D\u00edky zbo\u017e\u00ed nakoupen\u00fdch v akc\u00edch vlastn\u011b dok\u00e1\u017e\u00ed vy\u017e\u00edt. N\u00e1m jejich n\u00e1jezdy v hypermarketu p\u0159ijdou \u00fasm\u011bvn\u00e9, ale ve skute\u010dnosti je to sp\u00ed\u0161e smutn\u00e9 a hlavn\u011b pro tyto lidi velmi ned\u016fstojn\u00e9.Maj\u00ed sta\u0159\u00ed lid\u00e9 opravdu tak m\u00e1lo pen\u011bz? V\u017edy\u0165 p\u0159ece maj\u00ed za\u0159\u00edzen\u00fd byt, nepot\u0159ebuj\u00ed si tedy nic po\u0159izovat, d\u016fchody tak\u00e9 nejsou zase tak mal\u00e9.P\u0159esto maj\u00ed nouzi a jen d\u00edky tomu, \u017ee um\u00ed myslet hospod\u00e1rn\u011b to tak n\u011bjak zvl\u00e1daj\u00ed.Bohu\u017eel lid\u00e9 v seniorsk\u00e9m v\u011bku maj\u00ed celou \u0159adu zdravotn\u00edch neduh\u016f a za l\u00e9ky utrat\u00ed hodn\u011b pen\u011bz. Velmi \u010dasto maj\u00ed probl\u00e9my s mobilitou. Nap\u0159\u00edklad si nezvl\u00e1dnou sami nakoupit a tak \u00fakoluj\u00ed t\u0159eba sousedy a samoz\u0159ejm\u011b se tak n\u011bjak slu\u0161\u00ed, aby jim za to dali n\u011bjak\u00e9 pen\u00edze.\u010casto ani nev\u00ed, na co maj\u00ed pr\u00e1vo. Co nap\u0159\u00edklad mohou \u017e\u00e1dat?\u00a0\tAby se m\u011bli o pozn\u00e1n\u00ed l\u00e9pe\u00b7\u00a0Pokud maj\u00ed mal\u00fd d\u016fchod, bude to z\u0159ejm\u011b proto, \u017ee plat\u00ed vysok\u00fd n\u00e1jem za byt. V tomto p\u0159\u00edpad\u011b maj\u00ed pravd\u011bpodobn\u011b pr\u00e1vo na p\u0159\u00edsp\u011bvek na bydlen\u00ed. Pokud maj\u00ed probl\u00e9my nap\u0159\u00edklad s mobilitou, je mo\u017en\u00e9 zplnomocnit bl\u00edzkou osobu, nap\u0159\u00edklad d\u011bti\u00b7\u00a0V\u011bt\u0161ina star\u00fdch lid\u00ed m\u00e1 stravovac\u00ed probl\u00e9my a mus\u00ed dr\u017eet r\u016fzn\u00e9 druhy diety, nej\u010dast\u011bji je to diabetick\u00e1 dieta. Mo\u017en\u00e1 nev\u00edte, \u017ee existuje soci\u00e1ln\u00ed d\u00e1vka p\u0159\u00edsp\u011bvek na dietn\u00ed stravov\u00e1n\u00ed\u00b7\u00a0Pokud u\u017e nen\u00ed star\u00fd \u010dlov\u011bk velmi jemn\u011b \u0159e\u010deno v kondici, ur\u010dit\u011b by se nem\u011bl zdr\u00e1hat vy\u0159\u00eddit si p\u0159\u00edsp\u011bvek na p\u00e9\u010di, kter\u00fd je ur\u010den\u00fd nap\u0159\u00edklad pro pe\u010dovatelsk\u00e9 slu\u017eby.\u00a0Opravdu nen\u00ed d\u016fvod, aby sta\u0159\u00ed lid\u00e9 t\u0159eli b\u00eddu s nouz\u00ed. Cel\u00fd \u017eivot pracovali, platili dan\u011b a rozhodn\u011b si nezaslou\u017e\u00ed, aby z\u00e1v\u011br \u017eivota tr\u00e1vili v nouzi.A pro n\u00e1s je v tom v\u00fdzva, abychom u\u017e v sou\u010dasn\u00e9 dob\u011b za\u010dali myslet na d\u016fchodov\u00e9 zabezpe\u010den\u00ed v\u010das, abychom za p\u00e1r des\u00edtek let nemuseli \u0159e\u0161it stejn\u00e9 probl\u00e9my.                                                                                                                                                                                                                                                                                                                                                                                        4.6\/5 - (5 votes)        "},{"@context":"https:\/\/schema.org\/","@type":"BreadcrumbList","itemListElement":[{"@type":"ListItem","position":1,"name":"Kdy\u017e senior nedok\u00e1\u017ee vyj\u00edt s pen\u011bzi","item":"https:\/\/www.orcela.cz\/kdyz-senior-nedokaze-vyjit-s-penezi\/#breadcrumbitem"}]}]