[{"@context":"https:\/\/schema.org\/","@type":"Article","@id":"https:\/\/www.orcela.cz\/komplikace-pro-mnoho-lidi\/#Article","mainEntityOfPage":"https:\/\/www.orcela.cz\/komplikace-pro-mnoho-lidi\/","headline":"Komplikace pro mnoho lid\u00ed","name":"Komplikace pro mnoho lid\u00ed","description":"Ten, kdo vymyslel ten n\u00e1pad, \u017ee by si m\u011bli n\u011bkter\u00e9 u\u010ditelky mate\u0159sk\u00fdch \u0161kol je\u0161t\u011b dod\u011bl\u00e1vat &hellip; ","datePublished":"2024-11-06","dateModified":"2024-11-06","author":{"@type":"Person","@id":"https:\/\/www.orcela.cz\/author\/#Person","name":"","url":"https:\/\/www.orcela.cz\/author\/","identifier":1,"image":{"@type":"ImageObject","@id":"https:\/\/secure.gravatar.com\/avatar\/99fa2d7bb0ff3369cbf7f1481134d0b6f7aff596e984b7c90a3d99b8b24eb0d8?s=96&d=mm&r=g","url":"https:\/\/secure.gravatar.com\/avatar\/99fa2d7bb0ff3369cbf7f1481134d0b6f7aff596e984b7c90a3d99b8b24eb0d8?s=96&d=mm&r=g","height":96,"width":96}},"publisher":{"@type":"Organization","name":"orcela.cz","logo":{"@type":"ImageObject","@id":"\/logo.png","url":"\/logo.png","width":600,"height":60}},"url":"https:\/\/www.orcela.cz\/komplikace-pro-mnoho-lidi\/","wordCount":248,"articleBody":"\tTen, kdo vymyslel ten n\u00e1pad, \u017ee by si m\u011bli n\u011bkter\u00e9 u\u010ditelky mate\u0159sk\u00fdch \u0161kol je\u0161t\u011b dod\u011bl\u00e1vat vzd\u011bl\u00e1n\u00ed, aby m\u00edsto st\u0159edo\u0161kolsk\u00e9ho m\u011bly tak\u00e9 vysoko\u0161kolsk\u00e9, by zaslou\u017eil na frak. V\u017edy\u0165 ta jeho ne\u0161\u0165astn\u00e1 my\u0161lenka zkomplikovala \u017eivot tolika lidem, co jich okolo v\u00e1s je, podobn\u00fdch ne\u0161\u0165astn\u00edk\u016f jako jste vy sama, kte\u0159\u00ed te\u010f po noc\u00edch studuj\u00ed bakal\u00e1\u0159sk\u00fd stupe\u0148 studia je okolo v\u00e1s opravdu mnoho. A je z\u0159ejm\u00e9, \u017ee mnoho t\u011bch lid\u00ed nic nedostuduje, nebo\u0165 u\u017e na to ve sv\u00e9m v\u011bku zkr\u00e1tka nemaj\u00ed bu\u0148ky, maj\u00ed mnoho jin\u00fdch povinnost\u00ed anebo u\u017e se jim prost\u011b nechce nic dal\u0161\u00edho u\u010dit. Tak\u017ee v\u00fdsledek bude takov\u00fd, \u017ee se zapln\u00ed \u00fa\u0159ady pr\u00e1ce vychovatelkami, kter\u00e9 u\u017e nov\u011b nemohou vychov\u00e1vat.\tVy na to vyzrajeteOv\u0161em vy se tak snadno ned\u00e1te, vy v\u0161em t\u011bm politik\u016fm a \u00fa\u0159edn\u00edk\u016fm, kte\u0159\u00ed to vymysleli uk\u00e1\u017eete, \u017ee vy na to m\u00e1te a v\u00e1s o va\u0161e p\u0159\u00edjemn\u00e9 m\u00edsto nikdo nep\u0159iprav\u00ed, i kdybyste kv\u016fli tomu m\u011bla hory p\u0159en\u00e1\u0161et. Ale tak zl\u00e9 to snad ani nebude, ur\u010dit\u011b existuj\u00ed i jin\u00e9 zp\u016fsoby, jak se d\u00e1 bakal\u00e1\u0159sk\u00e1 pr\u00e1ce napsat bez hlavy starost\u00ed. Porozhl\u00e9dnete se na internetu, zda v\u00a0t\u00e9to oblasti n\u011bkdo nenab\u00edz\u00ed pomocnou ruku.                                                                                                                                                                                                                                                                                                                                                                                        3.7\/5 - (6 votes)        "},{"@context":"https:\/\/schema.org\/","@type":"BreadcrumbList","itemListElement":[{"@type":"ListItem","position":1,"name":"Komplikace pro mnoho lid\u00ed","item":"https:\/\/www.orcela.cz\/komplikace-pro-mnoho-lidi\/#breadcrumbitem"}]}]