[{"@context":"https:\/\/schema.org\/","@type":"Article","@id":"https:\/\/www.orcela.cz\/krasna-kuchyn\/#Article","mainEntityOfPage":"https:\/\/www.orcela.cz\/krasna-kuchyn\/","headline":"Kr\u00e1sn\u00e1 kuchy\u0148","name":"Kr\u00e1sn\u00e1 kuchy\u0148","description":"U\u017e jste n\u011bkdy tou\u017eili po kr\u00e1sn\u00e9 kuchyni? Nen\u00ed divu. Ka\u017ed\u00e1 \u017eena snad tou\u017e\u00ed m\u00edt n\u00e1dhernou &hellip; ","datePublished":"2024-07-08","dateModified":"2024-07-08","author":{"@type":"Person","@id":"https:\/\/www.orcela.cz\/author\/#Person","name":"","url":"https:\/\/www.orcela.cz\/author\/","identifier":1,"image":{"@type":"ImageObject","@id":"https:\/\/secure.gravatar.com\/avatar\/99fa2d7bb0ff3369cbf7f1481134d0b6f7aff596e984b7c90a3d99b8b24eb0d8?s=96&d=mm&r=g","url":"https:\/\/secure.gravatar.com\/avatar\/99fa2d7bb0ff3369cbf7f1481134d0b6f7aff596e984b7c90a3d99b8b24eb0d8?s=96&d=mm&r=g","height":96,"width":96}},"publisher":{"@type":"Organization","name":"orcela.cz","logo":{"@type":"ImageObject","@id":"\/logo.png","url":"\/logo.png","width":600,"height":60}},"image":{"@type":"ImageObject","@id":"https:\/\/www.orcela.cz\/wp-content\/uploads\/pexels-falling4utah-1080721_1.jpg","url":"https:\/\/www.orcela.cz\/wp-content\/uploads\/pexels-falling4utah-1080721_1.jpg","height":0,"width":0},"url":"https:\/\/www.orcela.cz\/krasna-kuchyn\/","about":["Produkty"],"wordCount":414,"articleBody":"   U\u017e jste n\u011bkdy tou\u017eili po kr\u00e1sn\u00e9 kuchyni? Nen\u00ed divu. Ka\u017ed\u00e1 \u017eena snad tou\u017e\u00ed m\u00edt n\u00e1dhernou a reprezentativn\u00ed kuchyni, kde se j\u00ed bude nejen dob\u0159e va\u0159it, ale tak\u00e9 se v n\u00ed bude dob\u0159e c\u00edtit a hlavn\u011b \u2013 pro n\u00e1s \u017eeny je hodn\u011b d\u016fle\u017eit\u00e1, aby kuchy\u0148 byla i hodn\u011b prostorn\u00e1. K \u010demu by byla takov\u00e1 kuchyn\u011b, ve kter\u00e9 se ned\u00e1 po\u0159\u00e1dn\u011b va\u0159it a p\u00e9ct a je mali\u010dk\u00e1? J\u00e1 bych si nap\u0159\u00edklad nedok\u00e1zala p\u0159edstavit, \u017ee bych m\u011bla malinkou kuchyni, do kter\u00e9 bych se snad ani neve\u0161la. No, a pr\u00e1v\u011b moje star\u00e1 kuchyn\u011b sice prostorn\u00e1 byla, no jen\u017ee u\u017e na n\u00ed byly vid\u011bt ur\u010dit\u00e9 nedostatky. P\u0159ece jenom jsem ji m\u011bla zhruba p\u011bt let a u\u017e to cht\u011blo n\u011bjakou zm\u011bnu v podob\u011b nov\u00e9, n\u00e1dhern\u00e9, kr\u00e1sn\u00e9 a luxusn\u00ed kuchyn\u011b, kterou bych si obl\u00edbila. Jak\u00e1 firma kuchy\u0148 vyrob\u00ed? To je docela d\u016fle\u017eit\u00e9 V\u011b\u0159te mi, \u017ee mezi jednotliv\u00fdmi firmami, kter\u00e9 kuchyn\u011b vyr\u00e1b\u00ed, je docela velk\u00fd rozd\u00edl. Jak cenov\u011b, tak i v tom, jak dok\u00e1\u017eou splnit p\u0159\u00e1n\u00ed z\u00e1kazn\u00edka. No a \u010dasto to neb\u00fdv\u00e1 \u00fapln\u011b jednoduch\u00e9, proto\u017ee z\u00e1kazn\u00edk a klient prost\u011b chce, aby byla p\u0159esn\u011b podle jeho p\u0159edstavy a\u017e do posledn\u00edho punt\u00edku. No, a proto\u017ee jsem si nev\u011bd\u011bla rady s t\u00edm, jakou firmu m\u00e1m na v\u00fdrobu kuchyn\u011b na m\u00edru oslovit, tak jsem si dala tu pr\u00e1ci a za\u010dala jsem v\u0161emo\u017en\u011b hledat na internetu. No a v\u011b\u0159te, nebo nev\u011b\u0159te, na\u0161la jsem pr\u00e1v\u011b firmu Kuchyn\u011b Glanc, kter\u00e1 se mi zd\u00e1la nejlep\u0161\u00ed a nejsympati\u010dt\u011bj\u0161\u00ed jak p\u0159\u00edstupem, tak i cenov\u011b. Cena kuchyn\u011b na m\u00edru m\u011b nevy\u0161la tak draho, jako by m\u011b vy\u0161la u jin\u00fdch firem, tak\u017ee jsem byla nadm\u00edru spokojen\u00e1, \u017ee jsem oslovila zrovna je a m\u011bla jsem z toho opravdu neskute\u010dnou radost. A zp\u011btn\u011b m\u016f\u017eu \u0159\u00edct, \u017ee toho, \u017ee jsem je oslovila, jsem nikdy nelitovala. Pr\u00e1v\u011b naopak. S jejich v\u00fdkonem jsem byla spokojen\u00e1 a hrd\u011b je doporu\u010duji d\u00e1le, proto\u017ee takov\u00e9 n\u00e1dhern\u00e9 a luxusn\u00ed kuchyn\u011b ka\u017ed\u00e1 firma vyrobit opravdu nedok\u00e1\u017ee, to mi m\u016f\u017eete v\u011b\u0159it a j\u00e1 v\u00e1m to \u0159\u00edk\u00e1m z vlastn\u00ed zku\u0161enosti.                                                                                                                                                                                                                                                                                                                                                                                          4.2\/5 - (13 votes)        "},{"@context":"https:\/\/schema.org\/","@type":"BreadcrumbList","itemListElement":[{"@type":"ListItem","position":1,"name":"Kr\u00e1sn\u00e1 kuchy\u0148","item":"https:\/\/www.orcela.cz\/krasna-kuchyn\/#breadcrumbitem"}]}]