[{"@context":"https:\/\/schema.org\/","@type":"Article","@id":"https:\/\/www.orcela.cz\/masivni-a-odolny-nabytek-se-muze-stat-soucasti-i-vasi-domacnosti\/#Article","mainEntityOfPage":"https:\/\/www.orcela.cz\/masivni-a-odolny-nabytek-se-muze-stat-soucasti-i-vasi-domacnosti\/","headline":"Masivn\u00ed a odoln\u00fd n\u00e1bytek se m\u016f\u017ee st\u00e1t sou\u010d\u00e1st\u00ed i Va\u0161\u00ed dom\u00e1cnosti","name":"Masivn\u00ed a odoln\u00fd n\u00e1bytek se m\u016f\u017ee st\u00e1t sou\u010d\u00e1st\u00ed i Va\u0161\u00ed dom\u00e1cnosti","description":"S n\u00e1bytkem z masivu se doma budete c\u00edtit velmi p\u0159\u00edjemn\u011b. Pokud si svou dom\u00e1cnost za\u0159izujete &hellip; ","datePublished":"2023-10-27","dateModified":"2023-10-27","author":{"@type":"Person","@id":"https:\/\/www.orcela.cz\/author\/#Person","name":"","url":"https:\/\/www.orcela.cz\/author\/","identifier":1,"image":{"@type":"ImageObject","@id":"https:\/\/secure.gravatar.com\/avatar\/99fa2d7bb0ff3369cbf7f1481134d0b6f7aff596e984b7c90a3d99b8b24eb0d8?s=96&d=mm&r=g","url":"https:\/\/secure.gravatar.com\/avatar\/99fa2d7bb0ff3369cbf7f1481134d0b6f7aff596e984b7c90a3d99b8b24eb0d8?s=96&d=mm&r=g","height":96,"width":96}},"publisher":{"@type":"Organization","name":"orcela.cz","logo":{"@type":"ImageObject","@id":"\/logo.png","url":"\/logo.png","width":600,"height":60}},"url":"https:\/\/www.orcela.cz\/masivni-a-odolny-nabytek-se-muze-stat-soucasti-i-vasi-domacnosti\/","wordCount":228,"articleBody":"S n\u00e1bytkem z masivu se doma budete c\u00edtit velmi p\u0159\u00edjemn\u011b. Pokud si svou dom\u00e1cnost za\u0159izujete tak, \u017ee v n\u00ed m\u00e1te d\u0159ev\u011bn\u00e9 dopl\u0148ky, p\u0159\u00edjemn\u00e9 zemit\u00e9 barvy a p\u0159\u00edrodn\u00ed d\u0159ev\u011bn\u00e9 podlahy, jist\u011b budete cht\u00edt i interi\u00e9r lad\u011bn\u00fd tak\u00e9 ve d\u0159ev\u011b. Na\u0161e firma vyr\u00e1b\u00ed v\u0161echny v\u00fdrobky v p\u011bti odst\u00ednech, kter\u00e9 jsou velmi elegantn\u00ed a l\u00edbiv\u00e9. V\u0161echny modely jsou vyrobeny z nejpevn\u011bj\u0161\u00edho d\u0159eva sv\u011bta, Palisandru, kter\u00fd z\u00edsk\u00e1v\u00e1me z proslun\u011bn\u00e9ho subkontinentu, Indie. D\u0159evo pro n\u00e1s nezvykl\u00e9, ale tak l\u00e1kav\u00e9, pro v\u0161echny sv\u00e9 kvality a tak\u00e9 vzhled.\tVneste do sv\u00e9ho domova p\u0159\u00edjemn\u011b klasick\u00fd vzhledTvo\u0159\u00edme n\u00e1bytek, kter\u00fd je velmi odoln\u00fd a pevn\u00fd, ale na pohled je velmi p\u0159\u00edjemn\u00fd. Na\u0161imi z\u00e1kazn\u00edky jsou lid\u00e9, kte\u0159\u00ed maj\u00ed doma r\u00e1di jen to nejlep\u0161\u00ed a necht\u011bj\u00ed nic na kr\u00e1tkou dobu. Na na\u0161e v\u00fdrobky se m\u016f\u017eete spolehnout, proto\u017ee s V\u00e1mi vydr\u017e\u00ed dlouh\u00e1 l\u00e9ta, ani\u017e by se po\u0161kodily, nebo znehodnotily. Na d\u0159evo spol\u00e9hali ji\u017e na\u0161i p\u0159edkov\u00e9 a i dnes se jedn\u00e1 o velmi modern\u00ed a hojn\u011b vyu\u017e\u00edvanou suroviny, pr\u00e1v\u011b pro jeho nes\u010detn\u00e9 kvality a v\u00fdhody.                                                                                                                                                                                                                                                                                                                                                                                        4.7\/5 - (6 votes)        "},{"@context":"https:\/\/schema.org\/","@type":"BreadcrumbList","itemListElement":[{"@type":"ListItem","position":1,"name":"Masivn\u00ed a odoln\u00fd n\u00e1bytek se m\u016f\u017ee st\u00e1t sou\u010d\u00e1st\u00ed i Va\u0161\u00ed dom\u00e1cnosti","item":"https:\/\/www.orcela.cz\/masivni-a-odolny-nabytek-se-muze-stat-soucasti-i-vasi-domacnosti\/#breadcrumbitem"}]}]