[{"@context":"https:\/\/schema.org\/","@type":"Article","@id":"https:\/\/www.orcela.cz\/miminka\/#Article","mainEntityOfPage":"https:\/\/www.orcela.cz\/miminka\/","headline":"Miminka","name":"Miminka","description":"M\u00f3da se net\u00fdk\u00e1 jenom dosp\u011bl\u00fdch, respektive\u00a0\u017een a mu\u017e\u016f. Ale t\u00fdk\u00e1 se i na\u0161ich nejmen\u0161\u00ed. Ano &hellip; ","datePublished":"2023-01-10","dateModified":"2023-01-10","author":{"@type":"Person","@id":"https:\/\/www.orcela.cz\/author\/#Person","name":"","url":"https:\/\/www.orcela.cz\/author\/","identifier":1,"image":{"@type":"ImageObject","@id":"https:\/\/secure.gravatar.com\/avatar\/99fa2d7bb0ff3369cbf7f1481134d0b6f7aff596e984b7c90a3d99b8b24eb0d8?s=96&d=mm&r=g","url":"https:\/\/secure.gravatar.com\/avatar\/99fa2d7bb0ff3369cbf7f1481134d0b6f7aff596e984b7c90a3d99b8b24eb0d8?s=96&d=mm&r=g","height":96,"width":96}},"publisher":{"@type":"Organization","name":"orcela.cz","logo":{"@type":"ImageObject","@id":"\/logo.png","url":"\/logo.png","width":600,"height":60}},"image":{"@type":"ImageObject","@id":"https:\/\/www.orcela.cz\/wp-content\/uploads\/L1006996_800x535.jpg","url":"https:\/\/www.orcela.cz\/wp-content\/uploads\/L1006996_800x535.jpg","height":0,"width":0},"url":"https:\/\/www.orcela.cz\/miminka\/","about":["M\u00f3da"],"wordCount":413,"articleBody":"M\u00f3da se net\u00fdk\u00e1 jenom dosp\u011bl\u00fdch, respektive\u00a0\u017een a mu\u017e\u016f. Ale t\u00fdk\u00e1 se i na\u0161ich nejmen\u0161\u00ed. Ano jsou to d\u011bti. Jak je obl\u00e9kat. A co ti nejmen\u0161\u00ed novorozenci. V\u00edte t\u0159eba jak je obl\u00e9knout do hork\u00fdch letn\u00edch dn\u016f. Kdy\u017e vlastn\u011b defakto teprve p\u0159i\u0161li na sv\u011bt? Ur\u010dit\u011b v letn\u00edch, tepl\u00fdch dnech ze v\u0161eho nejv\u00edce mus\u00edte d\u00e1t pozor na poko\u017eku u miminek a d\u00e1vat pozor na jejich nevyvinutou termoregulaci.\u00a0Tak jako d\u011bti, tak p\u0159esn\u011b i minka by jsme nem\u011bli vystavovat p\u0159\u00edm\u00e9mu slun\u00ed\u010dku. A jak tedy takov\u00e9 mal\u00e9 miminko obl\u00e9kat? Je to opravdu tak slo\u017eit\u00e9? Slo\u017eit\u00e9 to nen\u00ed, m\u011bli by jsme se \u0159\u00eddit rozumem a v\u0161\u00edm t\u00edm co o mimink\u00e1ch v\u00edme. Pokud jste nov\u011b pe\u010duj\u00edc\u00ed maminka nebo tat\u00ednek, neztr\u00e1cejte nad\u011bji. V\u0161echno se rychle nau\u010d\u00edte. Tak\u017ee jako prvn\u00ed mus\u00edme chr\u00e1nit jejich poko\u017eku. Ur\u010dit\u011b se nemus\u00edte b\u00e1t jim d\u00e1t bod\u00fd\u010dka s dlouh\u00fdm ruk\u00e1vem, tenk\u00e9 tepl\u00e1\u010dky, super jsou z mu\u0161elinu. Skv\u011bl\u00e9 na l\u00e9to jsou taky overaly, kter\u00e9 jsou pohodln\u00e9 a prody\u0161n\u00e9. Pokud na oble\u010den\u00ed m\u00e1te cedulky, co\u017e vlastn\u011b b\u00fdvaj\u00ed. Jsou na nich ozna\u010deny zna\u010dky nebo velikosti, tak je nejlep\u0161\u00ed je odstranit. Jeliko\u017e m\u016f\u017eou dr\u00e1\u017edit poko\u017eku a mimink\u016fm m\u016f\u017ee vadit na zpocen\u00e9 k\u016f\u017ei a cedulka j\u00ed m\u016f\u017ee po\u0161kodit. Nejl\u00e9pe je kupovat takov\u00e9 oble\u010den\u00ed, kde je cedulka t\u0159eba na\u017eehlen\u00e1 a nebo vy\u0161it\u00e1 tak, aby nezavazala.\u00a0D\u011bti i miminka m\u016f\u017eete obl\u00e9kat do jak\u00fdchkoliv m\u00f3dn\u00edch kousk\u016f. Ur\u010dit\u011b se v dne\u0161n\u00ed dob\u011b nerozli\u0161uj\u00ed barvy, kter\u00e9 jsou pro kluky a nebo pro holky. I kdy\u017e r\u016f\u017eov\u00e1 na klukovi moc nen\u00ed nic extra, ale z\u00e1le\u017e\u00ed na v\u00e1s. Stejn\u011b je to i u vzor\u016f. Klidn\u011b m\u016f\u017eou m\u00edt na l\u00e1tce geometrick\u00e9 tvary, punt\u00edky, kole\u010dka. Pro hol\u010di\u010dky m\u016f\u017eete zvolit kyti\u010dkov\u00e9 vzory, kter\u00e9 z nich ud\u011blaj\u00ed mal\u00e9 princezni\u010dky. Kluk\u016fm zase vzory s auty, bagry prost\u011b v\u0161e co maj\u00ed kluci r\u00e1di. Ur\u010dit\u011b z nich budou fe\u0161\u00e1ci. Tohle v\u0161echno potom m\u016f\u017eete podtrhnout dopl\u0148kem jako je klobou\u010dek nebo tenk\u00e1 \u010depi\u010dka.\u00a0                                                                                                                                                                                                                                                                                                                                                                                        4\/5 - (2 votes)        "},{"@context":"https:\/\/schema.org\/","@type":"BreadcrumbList","itemListElement":[{"@type":"ListItem","position":1,"name":"Miminka","item":"https:\/\/www.orcela.cz\/miminka\/#breadcrumbitem"}]}]