[{"@context":"https:\/\/schema.org\/","@type":"Article","@id":"https:\/\/www.orcela.cz\/moto-veci\/#Article","mainEntityOfPage":"https:\/\/www.orcela.cz\/moto-veci\/","headline":"Moto v\u011bci","name":"Moto v\u011bci","description":"V\u017edycky jsem tou\u017eila po tom, \u017ee jednoho dne budu vlastnit n\u011bjakou motorku. Motorky se mi &hellip; ","datePublished":"2022-08-25","dateModified":"2023-05-03","author":{"@type":"Person","@id":"https:\/\/www.orcela.cz\/author\/#Person","name":"","url":"https:\/\/www.orcela.cz\/author\/","identifier":1,"image":{"@type":"ImageObject","@id":"https:\/\/secure.gravatar.com\/avatar\/99fa2d7bb0ff3369cbf7f1481134d0b6f7aff596e984b7c90a3d99b8b24eb0d8?s=96&d=mm&r=g","url":"https:\/\/secure.gravatar.com\/avatar\/99fa2d7bb0ff3369cbf7f1481134d0b6f7aff596e984b7c90a3d99b8b24eb0d8?s=96&d=mm&r=g","height":96,"width":96}},"publisher":{"@type":"Organization","name":"orcela.cz","logo":{"@type":"ImageObject","@id":"\/logo.png","url":"\/logo.png","width":600,"height":60}},"image":{"@type":"ImageObject","@id":"https:\/\/www.orcela.cz\/wp-content\/uploads\/motorcycle-1283299_960_720.jpg","url":"https:\/\/www.orcela.cz\/wp-content\/uploads\/motorcycle-1283299_960_720.jpg","height":0,"width":0},"url":"https:\/\/www.orcela.cz\/moto-veci\/","about":["Moto"],"wordCount":410,"articleBody":"V\u017edycky jsem tou\u017eila po tom, \u017ee jednoho dne budu vlastnit n\u011bjakou motorku. Motorky se mi l\u00edbily a m\u011bla jsem je r\u00e1da. Motorky pova\u017euji opravdu za siln\u00e9 stroje, kter\u00e9 toho hodn\u011b dok\u00e1\u017e\u00ed. A opravdu nikdy bych netu\u0161ila, \u017ee se mi tenhle sen nespln\u00edte brzy, proto\u017ee jsem jednu spadla z kola, tak\u017ee jsem si opravdu \u0161kared\u011b poni\u010dila kolena. A od t\u00e9 doby jsem se b\u00e1la sednout taky na motorku. A taky jsem se dokonce b\u00e1la \u0159\u00eddit auto a v\u0161echno, co m\u011blo motor a dal\u0161\u00ed podobn\u00e9 v\u011bci. Taky jsem se b\u00e1la opravdu \u0159\u00eddit cokoliv. A taky mi trvalo opravdu dva roky, ne\u017e jsem se rozhodla a sedla jsem si do auta jako spolujezdec. Na\u0161t\u011bst\u00ed ale asi po \u0161esti letech se v\u0161echno zm\u011bnilo a j\u00e1 jsem si \u0159ekla, \u017ee je \u010das znovu \u017e\u00edt. Opravdu jsem zapomn\u011bla na v\u0161echny strasti a bolesti toho, jak jsem m\u011bla ro\u010dn\u00ed rehabilitaci kolene, proto\u017ee jsem m\u011bla t\u0159i velmi slo\u017eit\u00e9 operace.Tak\u017ee jsem si po sedmi letech po\u0159\u00eddila mal\u00fd sk\u00fatr. A opravdu se mi to l\u00edbilo a bavilo m\u011b to. Asi dva m\u011bs\u00edce trvalo, ne\u017e jsem se po\u0159\u00e1dn\u011b nau\u010dila jezdit beze strachu, ale nakonec se mi to poda\u0159ilo. \u0158ekla jsem si, \u017ee pokud se n\u011bco \u0161patn\u00e9ho m\u00e1 st\u00e1t, tak se to prost\u011b stane. A nemus\u00ed to b\u00fdt zrovna na sk\u00fatru nebo na motorce nebo v aut\u011b. M\u016f\u017ee se st\u00e1t nehoda opravdu kdykoliv a komukoliv, tak\u017ee jsem si \u0159ekla, \u017ee jsem p\u0159edt\u00edm byla hloup\u00e1, \u017ee jsem p\u0159i\u0161la u\u017e o tolik let z toho, \u017ee jsem si mohla plnit sen. Motorku jsem si velmi obl\u00edbila. Sk\u00fatr jsem m\u011bla \u010dty\u0159i roky a potom jsem si po\u0159\u00eddila u\u017e n\u011bjakou siln\u011bj\u0161\u00ed motorku, kter\u00e1 m\u011b velmi zaujala. Proto\u017ee m\u016fj p\u0159\u00edtel a v\u00e1\u0161niv\u00fd motork\u00e1\u0159, tak\u017ee on m\u011b do toho asi n\u011bjak dohnal. Opravdu m\u011b nikdy nenutil, ale m\u011b se to n\u011bjak zal\u00edbilo, \u017ee jsem si po\u0159\u00eddila siln\u011bj\u0161\u00ed motorku a jsem nadm\u00edru spokojen\u00e1. A opravdu toho nelituji, \u017ee tu motorku m\u00e1m, jenom lituji toho, \u017ee jsem si ji na po\u0159\u00eddila d\u0159\u00edve. A vy m\u00e1te moto\u00a0v\u011bci, jako j\u00e1?\u00a0M\u00e1te\u00a0doma motorku?                                                                                                                                                                                                                                                                                                                                                                                        4\/5 - (3 votes)        "},{"@context":"https:\/\/schema.org\/","@type":"BreadcrumbList","itemListElement":[{"@type":"ListItem","position":1,"name":"Moto v\u011bci","item":"https:\/\/www.orcela.cz\/moto-veci\/#breadcrumbitem"}]}]