[{"@context":"https:\/\/schema.org\/","@type":"Article","@id":"https:\/\/www.orcela.cz\/muzi-a-kravaty\/#Article","mainEntityOfPage":"https:\/\/www.orcela.cz\/muzi-a-kravaty\/","headline":"Mu\u017ei a kravaty","name":"Mu\u017ei a kravaty","description":"Jsou mu\u017ei, kte\u0159\u00ed nemaj\u00ed probl\u00e9m nosit kravatu. Jsou mu\u017ei, kte\u0159\u00ed jich maj\u00ed dokonce doma tolik, &hellip; ","datePublished":"2022-07-25","dateModified":"2023-05-03","author":{"@type":"Person","@id":"https:\/\/www.orcela.cz\/author\/#Person","name":"","url":"https:\/\/www.orcela.cz\/author\/","identifier":1,"image":{"@type":"ImageObject","@id":"https:\/\/secure.gravatar.com\/avatar\/99fa2d7bb0ff3369cbf7f1481134d0b6f7aff596e984b7c90a3d99b8b24eb0d8?s=96&d=mm&r=g","url":"https:\/\/secure.gravatar.com\/avatar\/99fa2d7bb0ff3369cbf7f1481134d0b6f7aff596e984b7c90a3d99b8b24eb0d8?s=96&d=mm&r=g","height":96,"width":96}},"publisher":{"@type":"Organization","name":"orcela.cz","logo":{"@type":"ImageObject","@id":"\/logo.png","url":"\/logo.png","width":600,"height":60}},"image":{"@type":"ImageObject","@id":"https:\/\/www.orcela.cz\/wp-content\/uploads\/kravaty.JPG","url":"https:\/\/www.orcela.cz\/wp-content\/uploads\/kravaty.JPG","height":0,"width":0},"url":"https:\/\/www.orcela.cz\/muzi-a-kravaty\/","about":["M\u00f3da"],"wordCount":413,"articleBody":"Jsou mu\u017ei, kte\u0159\u00ed nemaj\u00ed probl\u00e9m nosit kravatu. Jsou mu\u017ei, kte\u0159\u00ed jich maj\u00ed dokonce doma tolik, \u017ee by si klidn\u011b mohli otev\u0159\u00edt obchod a prod\u00e1vat kravaty.\u00a0N\u011bkte\u0159\u00ed mu\u017ei se ve sv\u00e9 pr\u00e1ci bez kravaty neobejdou. Jsou ur\u010dit\u011b i pr\u00e1ce, kde n\u011bco takov\u00e9ho nosit rozhodn\u011b nemus\u00edte, ale jsou i takov\u00e9, kde se bez n\u011b\u010deho takov\u00e9ho prost\u011b neobejdete.\u00a0Takovou alternativou za kravatu jsou dnes mot\u00fdlci, ale ti se do pr\u00e1ce p\u0159\u00edli\u0161 nehod\u00ed. N\u011bco takov\u00e9ho se hod\u00ed nap\u0159\u00edklad na spole\u010densk\u00e9 ud\u00e1losti, pokud by si \u010dlov\u011bk necht\u011bl vz\u00edt kravatu, ale n\u011bco takov\u00e9ho do pr\u00e1ce p\u0159\u00edli\u0161 vhodn\u00e9 nen\u00ed.Ur\u010dit\u011b se takov\u00e1 kravata d\u00e1 sehnat mnohem snadn\u011bji, ne\u017e mot\u00fdlek, ale tak\u00e9 s\u00a0t\u00edm m\u016f\u017ee b\u00fdt probl\u00e9m a to zejm\u00e9na, pokud se m\u00e1 kravata k\u00a0n\u011b\u010demu sladit a jedn\u00e1 se o takovou barvu, kterou nen\u00ed mo\u017en\u00e9 jen tak dohledat.Dnes u\u017e na \u0161t\u011bst\u00ed existuj\u00ed jak kamenn\u00e9 obchody, tak i obchody internetov\u00e9, kde \u010dlov\u011bk m\u016f\u017ee naj\u00edt to, co hled\u00e1, ale pokud se rozhodnete n\u011bco takov\u00e9ho koupit online, bude lep\u0161\u00ed po\u010d\u00edtat s\u00a0t\u00edm, \u017ee barva dan\u00e9 kravaty m\u016f\u017ee ve v\u00fdsledku vypadat \u00fapln\u011b jinak, ne\u017e vypadala na obr\u00e1zku. V\u017edy je pot\u0159eba n\u011bco takov\u00e9ho hl\u00eddat, aby se v\u00e1m opravdu nestalo, \u017ee v\u00e1m p\u0159ijde n\u011bco trochu jin\u00e9ho, ne\u017e jste o\u010dek\u00e1vali. Ur\u010dit\u011b by \u0161lo n\u011bco takov\u00e9ho vr\u00e1tit, pokud byste danou kravatu pot\u00e9, co v\u00e1m doraz\u00ed, zabalili a odeslali zp\u011bt.N\u011bco takov\u00e9ho je mnohem lep\u0161\u00ed zakoupit v\u00a0kamenn\u00e9m obchod\u011b, kde se \u010dlov\u011bk m\u016f\u017ee pod\u00edvat na to, jak dan\u00e1 kravata a hlavn\u011b barva vypad\u00e1.\u00a0Je ur\u010dit\u011b dobr\u00e9 m\u00edt doma n\u011bjakou tu kravatu v\u00a0p\u0159\u00edpad\u011b, \u017ee byste j\u00ed n\u011bkdy z\u00a0ni\u010deho nic pot\u0159ebovali. Jeden nikdy nev\u00ed, kdy n\u011bco takov\u00e9ho vyu\u017eije, jeliko\u017e se vyskytne n\u011bjak\u00e1 nepl\u00e1novan\u00e1 ud\u00e1lost, kde to bez obleku a kravaty nep\u016fjde.\u00a0Jeden nikdy nev\u00ed, kdy se n\u011bkdo ze dne na den rozhodne, \u017ee v\u00e1s pozve na n\u011bjakou tu akci.\u00a0M\u011bjte proto rad\u011bji alespo\u0148 jednu n\u011bjakou vhodnou kravatu doma, abyste si ji mohli p\u0159\u00edpadn\u011b vz\u00edt a vypadali tak dob\u0159e.                                                                                                                                                                                                                                                                                                                                                                                        4.8\/5 - (6 votes)        "},{"@context":"https:\/\/schema.org\/","@type":"BreadcrumbList","itemListElement":[{"@type":"ListItem","position":1,"name":"Mu\u017ei a kravaty","item":"https:\/\/www.orcela.cz\/muzi-a-kravaty\/#breadcrumbitem"}]}]