[{"@context":"https:\/\/schema.org\/","@type":"Article","@id":"https:\/\/www.orcela.cz\/na-cem-zalezi-u-obalu-na-mobilni-telefony\/#Article","mainEntityOfPage":"https:\/\/www.orcela.cz\/na-cem-zalezi-u-obalu-na-mobilni-telefony\/","headline":"Na \u010dem z\u00e1le\u017e\u00ed u obal\u016f na mobiln\u00ed telefony","name":"Na \u010dem z\u00e1le\u017e\u00ed u obal\u016f na mobiln\u00ed telefony","description":"Na cen\u011b Obaly na mobiln\u00ed telefony jsou spot\u0159ebn\u00ed zbo\u017e\u00ed a nelze o\u010dek\u00e1vat, \u017ee bude m\u00edt &hellip; ","datePublished":"2022-10-24","dateModified":"2023-05-03","author":{"@type":"Person","@id":"https:\/\/www.orcela.cz\/author\/#Person","name":"","url":"https:\/\/www.orcela.cz\/author\/","identifier":1,"image":{"@type":"ImageObject","@id":"https:\/\/secure.gravatar.com\/avatar\/99fa2d7bb0ff3369cbf7f1481134d0b6f7aff596e984b7c90a3d99b8b24eb0d8?s=96&d=mm&r=g","url":"https:\/\/secure.gravatar.com\/avatar\/99fa2d7bb0ff3369cbf7f1481134d0b6f7aff596e984b7c90a3d99b8b24eb0d8?s=96&d=mm&r=g","height":96,"width":96}},"publisher":{"@type":"Organization","name":"orcela.cz","logo":{"@type":"ImageObject","@id":"\/logo.png","url":"\/logo.png","width":600,"height":60}},"image":{"@type":"ImageObject","@id":"https:\/\/www.orcela.cz\/wp-content\/uploads\/office-g36dd7ebe2_640.jpg","url":"https:\/\/www.orcela.cz\/wp-content\/uploads\/office-g36dd7ebe2_640.jpg","height":0,"width":0},"url":"https:\/\/www.orcela.cz\/na-cem-zalezi-u-obalu-na-mobilni-telefony\/","about":["Produkty"],"wordCount":411,"articleBody":"   Na cen\u011bObaly na mobiln\u00ed telefony jsou spot\u0159ebn\u00ed zbo\u017e\u00ed a nelze o\u010dek\u00e1vat, \u017ee bude m\u00edt na trhu \u00fasp\u011bch takov\u00e9 \u0159e\u0161en\u00ed, kter\u00e9 budete muset kupovat na spl\u00e1tky. Po\u010d\u00edt\u00e1 se s t\u00edm, \u017ee v\u00e1m n\u011bjak\u00fd ten p\u00e1tek vydr\u017e\u00ed, ale je to jen ochrann\u00fd obal, kter\u00fd m\u00e1 v prvn\u00ed \u0159ad\u011b telefon chr\u00e1nit p\u0159ed po\u0161kozen\u00edm. Teprve pot\u00e9, co je zaji\u0161t\u011bna tato funkce, n\u00e1s bude zaj\u00edmat, jak obal vypad\u00e1, a do jak\u00e9 m\u00edry je reprezentativn\u00ed.Na vzhleduChcete-li m\u00edt v ruce praktick\u00fd, \u0161ikovn\u00fd, dostate\u010dn\u011b zabezpe\u010duj\u00edc\u00ed a z\u00e1rove\u0148 vzhledov\u011b atraktivn\u00ed model, s\u00e1hn\u011bte po flipov\u00e9m obalu na mobil Samsung. Flipov\u00e1 pouzdra v sob\u011b kombinuj\u00ed vnit\u0159n\u00ed vlo\u017eku z termoplastick\u00e9ho polyuretanu (TPU), n\u011bkdy nespr\u00e1vn\u011b uv\u00e1d\u011bnou jako \u201esilikon\u201c, spole\u010dn\u011b s vn\u011bj\u0161\u00edm obalem z tzv. eko-k\u016f\u017ee. Eko-k\u016f\u017ee je tak\u00e9 polyuretan, ov\u0161em zpracovan\u00fd do odli\u0161n\u00e9 podoby a s rozd\u00edln\u00fdm vzhledem. Zna\u010dnou v\u00fdhodou flipov\u00fdch pouzder je jejich n\u00edzk\u00e1 cena a velmi dobr\u00e9 vlastnosti pro ka\u017edodenn\u00ed vyu\u017e\u00edv\u00e1n\u00ed, jimi\u017e je nap\u0159. p\u0159\u00edjemn\u00fd pocit na dotek a snadn\u00e9 udr\u017eov\u00e1n\u00ed v \u010distot\u011b.Na prakti\u010dnostiFlipov\u00e9 pouzdro m\u016f\u017eete spolu s telefonem vlo\u017eit do kapsy, ulo\u017eit do zavazadla, ponechat na psac\u00edm stole, a v\u0161ude bude mobil chr\u00e1n\u011bn\u00fd p\u0159ed vn\u011bj\u0161\u00edmi vlivy. Z\u00e1rove\u0148 bude dob\u0159e vypadat a p\u0159ipom\u00ednat sp\u00ed\u0161e kapesn\u00ed di\u00e1\u0159, ne\u017e chytr\u00fd telefon. S flipov\u00fdmi pouzdry se snadno zach\u00e1z\u00ed, neklou\u017eou v ruce a nelep\u00ed se na n\u011b a je na n\u011b v tomto sm\u011bru spolehnut\u00ed.Na prody\u0161nostiZaj\u00edmavou a z\u00e1rove\u0148 pom\u011brn\u011b z\u00e1sadn\u00ed vlastnost\u00ed je prody\u0161nost. Polyuretan je v tomto sm\u011bru dosud nep\u0159ekonan\u00fd plast, a kdybyste nap\u0159\u00edklad vyrobili stejn\u00fd obal z PVC, bude se v\u00e1m nejen lepit na prsty, ale mobil v n\u011bm bude neprody\u0161n\u011b uzav\u0159en\u00fd, co\u017e by mohlo zp\u016fsobit sr\u00e1\u017een\u00ed vodn\u00ed p\u00e1ry a tvorbu drobn\u00fdch vodn\u00edch kapek, kter\u00e9 mohou proniknout dovnit\u0159 p\u0159\u00edstroje. S eko-k\u016f\u017e\u00ed bude mobil v bezpe\u010d\u00ed, proto\u017ee je dob\u0159e prody\u0161n\u00e1, mimochodem, pr\u00e1v\u011b ze stejn\u00e9ho materi\u00e1lu se vyr\u00e1b\u00ed st\u00e9lky d\u00e1msk\u00fdch letn\u00edch st\u0159ev\u00edc\u016f, kde je prody\u0161nost rovn\u011b\u017e velmi d\u016fle\u017eit\u00e1.                                                                                                                                                                                                                                                                                                                                                                                         4\/5 - (3 votes)        "},{"@context":"https:\/\/schema.org\/","@type":"BreadcrumbList","itemListElement":[{"@type":"ListItem","position":1,"name":"Na \u010dem z\u00e1le\u017e\u00ed u obal\u016f na mobiln\u00ed telefony","item":"https:\/\/www.orcela.cz\/na-cem-zalezi-u-obalu-na-mobilni-telefony\/#breadcrumbitem"}]}]