[{"@context":"https:\/\/schema.org\/","@type":"Article","@id":"https:\/\/www.orcela.cz\/na-kvalitni-kominove-sestavy-jsme-profesionalove-my\/#Article","mainEntityOfPage":"https:\/\/www.orcela.cz\/na-kvalitni-kominove-sestavy-jsme-profesionalove-my\/","headline":"Na kvalitn\u00ed kom\u00ednov\u00e9 sestavy jsme profesion\u00e1lov\u00e9 my","name":"Na kvalitn\u00ed kom\u00ednov\u00e9 sestavy jsme profesion\u00e1lov\u00e9 my","description":"M\u00edt kom\u00edn p\u0159esn\u011b podle va\u0161ich po\u017eadavk\u016f je doopravdy d\u016fle\u017eit\u00e9. D\u00edky tomu, \u017ee bude kvalitn\u011b a &hellip; ","datePublished":"2023-12-03","dateModified":"2023-12-03","author":{"@type":"Person","@id":"https:\/\/www.orcela.cz\/author\/#Person","name":"","url":"https:\/\/www.orcela.cz\/author\/","identifier":1,"image":{"@type":"ImageObject","@id":"https:\/\/secure.gravatar.com\/avatar\/99fa2d7bb0ff3369cbf7f1481134d0b6f7aff596e984b7c90a3d99b8b24eb0d8?s=96&d=mm&r=g","url":"https:\/\/secure.gravatar.com\/avatar\/99fa2d7bb0ff3369cbf7f1481134d0b6f7aff596e984b7c90a3d99b8b24eb0d8?s=96&d=mm&r=g","height":96,"width":96}},"publisher":{"@type":"Organization","name":"orcela.cz","logo":{"@type":"ImageObject","@id":"\/logo.png","url":"\/logo.png","width":600,"height":60}},"url":"https:\/\/www.orcela.cz\/na-kvalitni-kominove-sestavy-jsme-profesionalove-my\/","wordCount":216,"articleBody":"M\u00edt kom\u00edn p\u0159esn\u011b podle va\u0161ich po\u017eadavk\u016f je doopravdy d\u016fle\u017eit\u00e9. D\u00edky tomu, \u017ee bude kvalitn\u011b a modern\u011b postaven, se nemus\u00edte b\u00e1t toho, \u017ee byste byli jakkoli nespokojen\u00ed. Modern\u00ed kom\u00ednov\u00e9 sestavy, nev\u00e1hejte a obra\u0165te se na n\u011bkoho, jako jsme my. Sna\u017e\u00edme se, abyste s n\u00e1mi byli ve v\u0161em spokojen\u00ed, jak je to jen mo\u017en\u00e9 a chceme, aby v\u00e1m na\u0161e firma vyhovovala v naprosto v\u0161em. S profesion\u00e1ln\u00ed spole\u010dnost\u00ed se nemus\u00edte b\u00e1t toho\u00b8\u017ee byste nedostali v\u017edy a jen to, co chcete a pot\u0159ebujete. I proto se na n\u00e1s obrac\u00ed st\u00e1le v\u00edce lid\u00ed, ke kter\u00fdm se m\u016f\u017eete snadno a rychle p\u0159ipojit.\tNemus\u00edte se b\u00e1t toho, \u017ee byste byli nespokojen\u00edS na\u0161\u00ed spole\u010dnost\u00ed si m\u016f\u017eete b\u00fdt jist\u00ed t\u00edm, \u017ee dostanete doopravdy takovou pomoc, kterou pot\u0159ebujete a se kterou budete spokojen\u00ed. Je tomu tak, jeliko\u017e se sna\u017e\u00edme, abyste dostali v\u017edy a jen tu nejlep\u0161\u00ed pomoc a aby byla na\u0161e nab\u00eddka doopravdy t\u00edm, co v\u00e1m bude ve v\u0161em vyhovovat. P\u0159ij\u010fte si i vy na\u0161e kvality ov\u011b\u0159it jednodu\u0161e spolupr\u00e1c\u00ed.                                                                                                                                                                                                                                                                                                                                                                                        4.2\/5 - (9 votes)        "},{"@context":"https:\/\/schema.org\/","@type":"BreadcrumbList","itemListElement":[{"@type":"ListItem","position":1,"name":"Na kvalitn\u00ed kom\u00ednov\u00e9 sestavy jsme profesion\u00e1lov\u00e9 my","item":"https:\/\/www.orcela.cz\/na-kvalitni-kominove-sestavy-jsme-profesionalove-my\/#breadcrumbitem"}]}]