[{"@context":"https:\/\/schema.org\/","@type":"Article","@id":"https:\/\/www.orcela.cz\/nase-dvirka-jsou-tu-pro-vas\/#Article","mainEntityOfPage":"https:\/\/www.orcela.cz\/nase-dvirka-jsou-tu-pro-vas\/","headline":"Na\u0161e dv\u00ed\u0159ka jsou tu pro V\u00e1s","name":"Na\u0161e dv\u00ed\u0159ka jsou tu pro V\u00e1s","description":"Kvalitn\u00ed dv\u00ed\u0159ka do kuchyn\u011b Nel\u00edb\u00ed se V\u00e1m u\u017e Va\u0161e kuchy\u0148 a cht\u011bli byste ji kompletn\u011b &hellip; ","datePublished":"2025-04-29","dateModified":"2025-04-29","author":{"@type":"Person","@id":"https:\/\/www.orcela.cz\/author\/#Person","name":"","url":"https:\/\/www.orcela.cz\/author\/","identifier":1,"image":{"@type":"ImageObject","@id":"https:\/\/secure.gravatar.com\/avatar\/99fa2d7bb0ff3369cbf7f1481134d0b6f7aff596e984b7c90a3d99b8b24eb0d8?s=96&d=mm&r=g","url":"https:\/\/secure.gravatar.com\/avatar\/99fa2d7bb0ff3369cbf7f1481134d0b6f7aff596e984b7c90a3d99b8b24eb0d8?s=96&d=mm&r=g","height":96,"width":96}},"publisher":{"@type":"Organization","name":"orcela.cz","logo":{"@type":"ImageObject","@id":"\/logo.png","url":"\/logo.png","width":600,"height":60}},"url":"https:\/\/www.orcela.cz\/nase-dvirka-jsou-tu-pro-vas\/","wordCount":188,"articleBody":" Kvalitn\u00ed dv\u00ed\u0159ka do kuchyn\u011b Nel\u00edb\u00ed se V\u00e1m u\u017e Va\u0161e kuchy\u0148 a cht\u011bli byste ji kompletn\u011b p\u0159ed\u011blat? Tak to byste si m\u011bli d\u016fkladn\u011b vybrat vhodnou firmu, kter\u00e1 V\u00e1m dod\u00e1 mimo jin\u00e9 i stylov\u00e1 kuchy\u0148sk\u00e1 dv\u00ed\u0159ka. Na\u0161e dv\u00ed\u0159ka u\u017eijete v cel\u00e9m dom\u011b V sou\u010dasn\u00e9 dob\u011b u n\u00e1s m\u016f\u017eete naj\u00edt hned n\u011bkolik druh\u016f t\u011bchto dv\u00ed\u0159ek. Pokud byste cht\u011bli n\u011bco, co p\u0159edstavuje luxus, ale nechcete zaplatit p\u0159\u00edli\u0161 mnoho, tak pro V\u00e1s budou vhodn\u00e1 f\u00f3liovan\u00e1. Zejm\u00e9na s metalickou f\u00f3lii si u n\u00e1s z\u00e1kazn\u00edci \u010dasto objedn\u00e1vaj\u00ed. Krom\u011b dv\u00ed\u0159ek se na\u0161e firma zam\u011b\u0159uje i na kuchy\u0148sk\u00e9 osv\u011btlen\u00ed, posuvn\u00e9 syst\u00e9my, dekora\u010dn\u00ed v\u00fdpln\u011b a mnoho dal\u0161\u00edho. Nejr\u016fzn\u011bj\u0161\u00ed barevn\u00e1 proveden\u00ed A\u0165 u\u017e jde o dv\u00ed\u0159ka, osv\u011btlovac\u00ed syst\u00e9my, \u010di r\u016fzn\u00e9 dekorace, u ka\u017ed\u00e9ho produktu si m\u016f\u017eete vyb\u00edrat nejr\u016fzn\u011bj\u0161\u00ed barevn\u00e1 proveden\u00ed. Nav\u0161tivte n\u00e1s na internetu a pod\u00edvejte se na bli\u017e\u0161\u00ed informace.                                                                                                                                                                                                                                                                                                                                                                                                "},{"@context":"https:\/\/schema.org\/","@type":"BreadcrumbList","itemListElement":[{"@type":"ListItem","position":1,"name":"Na\u0161e dv\u00ed\u0159ka jsou tu pro V\u00e1s","item":"https:\/\/www.orcela.cz\/nase-dvirka-jsou-tu-pro-vas\/#breadcrumbitem"}]}]