[{"@context":"https:\/\/schema.org\/","@type":"Article","@id":"https:\/\/www.orcela.cz\/nechce-se-inspirovat\/#Article","mainEntityOfPage":"https:\/\/www.orcela.cz\/nechce-se-inspirovat\/","headline":"Nechce se inspirovat","name":"Nechce se inspirovat","description":"Chyst\u00e1te se na p\u0159estavbu n\u00e1bytku ve Va\u0161em dom\u011b a p\u0159em\u00fd\u0161l\u00edte co pou\u017e\u00edt na o\u017eiven\u00ed dom\u00e1cnosti? &hellip; ","datePublished":"2025-03-15","dateModified":"2025-03-15","author":{"@type":"Person","@id":"https:\/\/www.orcela.cz\/author\/#Person","name":"","url":"https:\/\/www.orcela.cz\/author\/","identifier":1,"image":{"@type":"ImageObject","@id":"https:\/\/secure.gravatar.com\/avatar\/99fa2d7bb0ff3369cbf7f1481134d0b6f7aff596e984b7c90a3d99b8b24eb0d8?s=96&d=mm&r=g","url":"https:\/\/secure.gravatar.com\/avatar\/99fa2d7bb0ff3369cbf7f1481134d0b6f7aff596e984b7c90a3d99b8b24eb0d8?s=96&d=mm&r=g","height":96,"width":96}},"publisher":{"@type":"Organization","name":"orcela.cz","logo":{"@type":"ImageObject","@id":"\/logo.png","url":"\/logo.png","width":600,"height":60}},"url":"https:\/\/www.orcela.cz\/nechce-se-inspirovat\/","wordCount":185,"articleBody":" Chyst\u00e1te se na p\u0159estavbu n\u00e1bytku ve Va\u0161em dom\u011b a p\u0159em\u00fd\u0161l\u00edte co pou\u017e\u00edt na o\u017eiven\u00ed dom\u00e1cnosti? Nebo dokonce zcela za\u0159izujete V\u00e1\u0161 nov\u011b koupen\u00fd byt a vym\u00fd\u0161l\u00edte jak nejl\u00e9pe zkombinovat barvy? Vyzkou\u0161ejte jeden z mnoha na\u0161ich koberc\u016f, kter\u00e9 perfektn\u011b dolad\u00ed ka\u017edou m\u00edstnost. V na\u0161\u00ed p\u0159ehledn\u00e9 nab\u00eddce naleznete spoustu mo\u017enost\u00ed jak o\u017eivit Va\u0161i dom\u00e1cnost. Kvalita za nejlep\u0161\u00ed cenu N\u00e1\u0161 obchod se m\u016f\u017ee zaru\u010dit za kvalitu v\u00fdrobk\u016f od na\u0161ich v\u00fdrobc\u016f, se kter\u00fdmi spolupracujeme. P\u0159ejeme si, aby na\u0161i z\u00e1kazn\u00edci byli spokojen\u00ed a r\u00e1di se k n\u00e1m opakovan\u011b vraceli, proto pe\u010dliv\u011b vyb\u00edr\u00e1me jak prod\u00e1van\u00e9 v\u00fdrobky, tak v\u00fdrobce, kte\u0159\u00ed n\u00e1m je dod\u00e1vaj\u00ed. M\u00e1me na v\u00fdb\u011br z mnoha mo\u017enost\u00ed, jak koberce s kr\u00e1tk\u00fdm vlasem, tak i dlouh\u00fdm, barevn\u00e9 jednobarevn\u00e9, modern\u00ed nebo i ty klasick\u00e9, ale hlavn\u011b v\u0161echny navr\u017een\u00e9 p\u0159esn\u011b tak, aby vyhovovaly kone\u010dn\u00e9mu spot\u0159ebiteli.                                                                                                                                                                                                                                                                                                                                                                                        5\/5 - (1 vote)        "},{"@context":"https:\/\/schema.org\/","@type":"BreadcrumbList","itemListElement":[{"@type":"ListItem","position":1,"name":"Nechce se inspirovat","item":"https:\/\/www.orcela.cz\/nechce-se-inspirovat\/#breadcrumbitem"}]}]