[{"@context":"https:\/\/schema.org\/","@type":"Article","@id":"https:\/\/www.orcela.cz\/novy-zivot\/#Article","mainEntityOfPage":"https:\/\/www.orcela.cz\/novy-zivot\/","headline":"Nov\u00fd \u017eivot","name":"Nov\u00fd \u017eivot","description":"Kdy\u017e se narod\u00ed miminko, je to \u0161t\u011bst\u00ed po v\u0161echny kolem n\u011bj. Narod\u00ed se toti\u017e malink\u00fd &hellip; ","datePublished":"2022-07-21","dateModified":"2023-05-03","author":{"@type":"Person","@id":"https:\/\/www.orcela.cz\/author\/#Person","name":"","url":"https:\/\/www.orcela.cz\/author\/","identifier":1,"image":{"@type":"ImageObject","@id":"https:\/\/secure.gravatar.com\/avatar\/99fa2d7bb0ff3369cbf7f1481134d0b6f7aff596e984b7c90a3d99b8b24eb0d8?s=96&d=mm&r=g","url":"https:\/\/secure.gravatar.com\/avatar\/99fa2d7bb0ff3369cbf7f1481134d0b6f7aff596e984b7c90a3d99b8b24eb0d8?s=96&d=mm&r=g","height":96,"width":96}},"publisher":{"@type":"Organization","name":"orcela.cz","logo":{"@type":"ImageObject","@id":"\/logo.png","url":"\/logo.png","width":600,"height":60}},"image":{"@type":"ImageObject","@id":"https:\/\/www.orcela.cz\/wp-content\/uploads\/family-g88da6d2db_640.jpg","url":"https:\/\/www.orcela.cz\/wp-content\/uploads\/family-g88da6d2db_640.jpg","height":0,"width":0},"url":"https:\/\/www.orcela.cz\/novy-zivot\/","about":["Spole\u010dnost"],"wordCount":453,"articleBody":"Kdy\u017e se narod\u00ed miminko, je to \u0161t\u011bst\u00ed po v\u0161echny kolem n\u011bj. Narod\u00ed se toti\u017e malink\u00fd uzl\u00ed\u010dek, kter\u00fd je naprosto nevinn\u00fd, proto\u017ee miminko nestihlo je\u0161t\u011b ud\u011blat \u017e\u00e1dnou zlou v\u011bc, maxim\u00e1ln\u011b tak v\u00a0b\u0159\u00ed\u0161ku mohlo uk\u00e1zat prost\u0159edn\u00ed\u010dek, to je tak v\u0161echno, a to ani ne \u00famysln\u011b, ale dosp\u011bl\u00fdm to p\u0159ijde vtipn\u00e9 a d\u011blaj\u00ed si z\u00a0toho srandu. Miminko a celkov\u011b d\u00edt\u011b je samo o sob\u011b naprosto nevinn\u00e1 du\u0161e a bytost a v\u0161ichni zl\u00ed lid\u00e9, kte\u0159\u00ed z\u00a0miminek vyrostou, jsou zl\u00e9 jen kv\u016fli tomu, \u017ee je tak rodi\u010de vychovali. V\u0161echno se d\u011bje jen kv\u016fli rodi\u010d\u016fm, jinak by d\u00edt\u011b samo o sob\u011b zl\u00e9 nebylo, ono jen d\u011bl\u00e1 to, co vid\u00ed u druh\u00fdch a u sv\u00fdch bl\u00edzk\u00fdch, v\u00a0tomto p\u0159\u00edpad\u011b hlavn\u011b u rodi\u010d\u016f. Ale n\u011bkter\u00e9 d\u011bti mohou zl\u00e9 v\u011bci vid\u011bt od druh\u00fdch d\u011bt\u00ed, zde ale stejn\u011b plat\u00ed to, \u017ee za to mohou rodi\u010de, proto\u017ee ty rodi\u010de to d\u00edt\u011b, kter\u00e9 je zl\u00e9 tomuto nau\u010dili. A to to pak p\u0159edalo dal\u0161\u00edmu d\u00edt\u011bti a tak d\u00e1le. Za v\u0161echno m\u016f\u017ee tedy \u0161patn\u00e1 v\u00fdchova a vymlouvat si, \u017ee to nen\u00ed pravda je trochu sobeck\u00e9 a blb\u00e9. Dobr\u00fd p\u0159\u00edklad je, \u017ee kdy\u017e se d\u00edt\u011b narod\u00ed, neboj\u00ed se pavouk\u016f. D\u00edt\u011b v\u00e1m klidn\u011b do ruky chyt\u00ed pavouka a v\u016fbec se ho neboj\u00ed. Ale jakmile mu uk\u00e1\u017eete, \u017ee se pavouka m\u00e1 b\u00e1t, za\u010dne stejn\u011b jako vy je\u010det a nau\u010d\u00ed se, \u017ee pavouk je n\u011bco, \u010deho bychom se b\u00e1t m\u011bli, p\u0159itom to ani nen\u00ed pravda. Je to tak, jak se \u0159\u00edk\u00e1 \u2013 on se v\u00e1s boj\u00ed mnohem v\u00edce ne\u017e vy jeho. A pokud d\u00edt\u011bti uk\u00e1\u017eete, \u017ee je to jen zv\u00ed\u0159\u00e1tko a \u017ee nic neud\u011bl\u00e1, tak se nebude b\u00e1t. Nemus\u00edte na pavouka nutn\u011b sahat a hladit ho, on se ani nenech\u00e1, ale hold neukazujte d\u00edt\u011bti, \u017ee se pavouka boj\u00edte. Takhle vznikaj\u00ed fobie. A p\u0159eci nechcete, aby se kv\u016fli v\u00e1s d\u00edt\u011b b\u00e1lo pavouk\u016f do konce sv\u00e9ho \u017eivota a m\u011blo z\u00a0nich hr\u016fzu. Je to zaj\u00edmav\u00e9 si toto uv\u011bdomit, ale d\u00edt\u011b se opravdu narod\u00ed naprosto nevinn\u00e9 a bestie z\u00a0nich d\u011bl\u00e1me my, dosp\u011bl\u00ed. Samoz\u0159ejm\u011b to nen\u00ed tak \u0161\u00edlen\u00e9, jak tvrd\u00edme. Rozhodn\u011b na sv\u011bt\u011b nen\u00ed tolik \u0161patn\u00fdch lid\u00ed, jak to asi vypad\u00e1. Ale je jich tu st\u00e1le dost, jinak by neum\u00edrali nevinn\u00ed lid\u00e9.                                                                                                                                                                                                                                                                                                                                                                                        4.4\/5 - (5 votes)        "},{"@context":"https:\/\/schema.org\/","@type":"BreadcrumbList","itemListElement":[{"@type":"ListItem","position":1,"name":"Nov\u00fd \u017eivot","item":"https:\/\/www.orcela.cz\/novy-zivot\/#breadcrumbitem"}]}]