[{"@context":"https:\/\/schema.org\/","@type":"Article","@id":"https:\/\/www.orcela.cz\/pevna-deska-v-posteli-pouze-ke-svatecnimu-spani\/#Article","mainEntityOfPage":"https:\/\/www.orcela.cz\/pevna-deska-v-posteli-pouze-ke-svatecnimu-spani\/","headline":"Pevn\u00e1 deska v posteli? Pouze ke sv\u00e1te\u010dn\u00edmu span\u00ed!","name":"Pevn\u00e1 deska v posteli? Pouze ke sv\u00e1te\u010dn\u00edmu span\u00ed!","description":"Pokud r\u00e1di stanujete \u010di chata\u0159\u00edte v kempech, mo\u017en\u00e1 v\u00edte, co je to sp\u00e1t na tvrd\u00e9m. &hellip; ","datePublished":"2024-04-11","dateModified":"2024-04-11","author":{"@type":"Person","@id":"https:\/\/www.orcela.cz\/author\/#Person","name":"","url":"https:\/\/www.orcela.cz\/author\/","identifier":1,"image":{"@type":"ImageObject","@id":"https:\/\/secure.gravatar.com\/avatar\/99fa2d7bb0ff3369cbf7f1481134d0b6f7aff596e984b7c90a3d99b8b24eb0d8?s=96&d=mm&r=g","url":"https:\/\/secure.gravatar.com\/avatar\/99fa2d7bb0ff3369cbf7f1481134d0b6f7aff596e984b7c90a3d99b8b24eb0d8?s=96&d=mm&r=g","height":96,"width":96}},"publisher":{"@type":"Organization","name":"orcela.cz","logo":{"@type":"ImageObject","@id":"\/logo.png","url":"\/logo.png","width":600,"height":60}},"url":"https:\/\/www.orcela.cz\/pevna-deska-v-posteli-pouze-ke-svatecnimu-spani\/","wordCount":233,"articleBody":"Pokud r\u00e1di stanujete \u010di chata\u0159\u00edte v kempech, mo\u017en\u00e1 v\u00edte, co je to sp\u00e1t na tvrd\u00e9m. Dnes u\u017e sice stana\u0159i pou\u017e\u00edvaj\u00ed nejr\u016fzn\u011bj\u0161\u00ed samonafukovac\u00ed karimatky a jin\u00e9 podobn\u00e9 vymo\u017eenosti, ale mo\u017en\u00e1 jste si vyzkou\u0161eli i span\u00ed na oby\u010dejn\u00e9 karimatce. V chatov\u00fdch osad\u00e1ch se zase nej\u010dast\u011bji setk\u00e1me s postelemi s pevn\u00fdmi deskami, na kter\u00fdch jsou polo\u017eeny matrace. Jedn\u00e1-li se o t\u00fddenn\u00ed nebo \u010dtrn\u00e1ctidenn\u00ed span\u00ed, vydr\u017e\u00ed to t\u00e9m\u011b\u0159 ka\u017ed\u00fd, kdo nem\u00e1 v\u00e1\u017en\u00e9 probl\u00e9my s pohybov\u00fdm apar\u00e1tem. Pokud ale preferujete pevn\u00e9 desky i doma ve sv\u00fdch postel\u00edch, d\u011bl\u00e1te velkou chybu.Kvalitn\u00ed postelov\u00e9 ro\u0161ty jsou dostupn\u00e9 cenov\u011b i svou variabilitouPevn\u00e9 desky jsou z hlediska zdrav\u00e9ho a komfortn\u00edho sp\u00e1nku i z hlediska \u017eivotnosti matrac\u00ed naprosto nevhodn\u00e9. Co se t\u00fd\u010de matrac\u00ed, doch\u00e1z\u00ed u nich k mnohem rychlej\u0161\u00edm nevratn\u00fdm deformac\u00edm \u2013 prole\u017een\u00ed, chyb\u00ed jim prody\u0161nost a odpru\u017een\u00ed. P\u0159i takto ulo\u017een\u00fdch matrac\u00edch v nich doch\u00e1z\u00ed ke kumulaci vlhkosti, co\u017e nahr\u00e1v\u00e1 mno\u017een\u00ed pl\u00edsn\u00ed a rozto\u010d\u016f. Tak\u017ee v\u00e1\u017een\u00ed, pokud se jedn\u00e1 o nepravideln\u00e9 v\u00edkendov\u00e9 nebo dovolenkov\u00e9 span\u00ed, klidn\u011b si sp\u011bte na pevn\u00e9 desce. Pro ka\u017edodenn\u00ed span\u00ed v\u0161ak volte jedin\u011b kvalitn\u00ed ro\u0161ty.                                                                                                                                                                                                                                                                                                                                                                                        4.6\/5 - (5 votes)        "},{"@context":"https:\/\/schema.org\/","@type":"BreadcrumbList","itemListElement":[{"@type":"ListItem","position":1,"name":"Pevn\u00e1 deska v posteli? Pouze ke sv\u00e1te\u010dn\u00edmu span\u00ed!","item":"https:\/\/www.orcela.cz\/pevna-deska-v-posteli-pouze-ke-svatecnimu-spani\/#breadcrumbitem"}]}]