{"@context":"https:\/\/schema.org\/","@type":"CollectionPage","@id":"https:\/\/www.orcela.cz\/podnikani\/#CollectionPage","headline":"Podnik\u00e1n\u00ed Category","description":"","url":"https:\/\/www.orcela.cz\/podnikani\/","hasPart":[{"@type":"Article","@id":"https:\/\/www.orcela.cz\/staci-zavolat\/","headline":"Sta\u010d\u00ed zavolat","url":"https:\/\/www.orcela.cz\/staci-zavolat\/","datePublished":"2025-01-14","dateModified":"2025-01-14","mainEntityOfPage":"https:\/\/www.orcela.cz\/staci-zavolat\/","author":{"@type":"Person","@id":"https:\/\/www.orcela.cz\/author\/#Person","name":"","url":"https:\/\/www.orcela.cz\/author\/","identifier":1,"image":{"@type":"ImageObject","@id":"https:\/\/secure.gravatar.com\/avatar\/99fa2d7bb0ff3369cbf7f1481134d0b6f7aff596e984b7c90a3d99b8b24eb0d8?s=96&d=mm&r=g","url":"https:\/\/secure.gravatar.com\/avatar\/99fa2d7bb0ff3369cbf7f1481134d0b6f7aff596e984b7c90a3d99b8b24eb0d8?s=96&d=mm&r=g","height":96,"width":96}},"publisher":{"@type":"Organization","name":"orcela.cz","logo":{"@type":"ImageObject","@id":"\/logo.png","url":"\/logo.png","width":600,"height":60}},"image":{"@type":"ImageObject","@id":"https:\/\/www.orcela.cz\/wp-content\/uploads\/people-2589817_640_1.jpg","url":"https:\/\/www.orcela.cz\/wp-content\/uploads\/people-2589817_640_1.jpg","height":0,"width":0},"keywords":null},{"@type":"Article","@id":"https:\/\/www.orcela.cz\/stehovani-pro-vsechny\/","headline":"St\u011bhov\u00e1n\u00ed pro v\u0161echny","url":"https:\/\/www.orcela.cz\/stehovani-pro-vsechny\/","datePublished":"2023-10-15","dateModified":"2024-01-04","mainEntityOfPage":"https:\/\/www.orcela.cz\/stehovani-pro-vsechny\/","author":{"@type":"Person","@id":"https:\/\/www.orcela.cz\/author\/#Person","name":"","url":"https:\/\/www.orcela.cz\/author\/","identifier":1,"image":{"@type":"ImageObject","@id":"https:\/\/secure.gravatar.com\/avatar\/99fa2d7bb0ff3369cbf7f1481134d0b6f7aff596e984b7c90a3d99b8b24eb0d8?s=96&d=mm&r=g","url":"https:\/\/secure.gravatar.com\/avatar\/99fa2d7bb0ff3369cbf7f1481134d0b6f7aff596e984b7c90a3d99b8b24eb0d8?s=96&d=mm&r=g","height":96,"width":96}},"publisher":{"@type":"Organization","name":"orcela.cz","logo":{"@type":"ImageObject","@id":"\/logo.png","url":"\/logo.png","width":600,"height":60}},"image":{"@type":"ImageObject","@id":"https:\/\/www.orcela.cz\/wp-content\/uploads\/traveler-1611614_1280.jpg","url":"https:\/\/www.orcela.cz\/wp-content\/uploads\/traveler-1611614_1280.jpg","height":0,"width":0},"keywords":null},{"@type":"Article","@id":"https:\/\/www.orcela.cz\/koberec-o-vas-prozradi-mnoho-informaci\/","headline":"Koberec o v\u00e1s prozrad\u00ed mnoho informac\u00ed","url":"https:\/\/www.orcela.cz\/koberec-o-vas-prozradi-mnoho-informaci\/","datePublished":"2023-07-15","dateModified":"2023-11-02","mainEntityOfPage":"https:\/\/www.orcela.cz\/koberec-o-vas-prozradi-mnoho-informaci\/","author":{"@type":"Person","@id":"https:\/\/www.orcela.cz\/author\/#Person","name":"","url":"https:\/\/www.orcela.cz\/author\/","identifier":1,"image":{"@type":"ImageObject","@id":"https:\/\/secure.gravatar.com\/avatar\/99fa2d7bb0ff3369cbf7f1481134d0b6f7aff596e984b7c90a3d99b8b24eb0d8?s=96&d=mm&r=g","url":"https:\/\/secure.gravatar.com\/avatar\/99fa2d7bb0ff3369cbf7f1481134d0b6f7aff596e984b7c90a3d99b8b24eb0d8?s=96&d=mm&r=g","height":96,"width":96}},"publisher":{"@type":"Organization","name":"orcela.cz","logo":{"@type":"ImageObject","@id":"\/logo.png","url":"\/logo.png","width":600,"height":60}},"image":{"@type":"ImageObject","@id":"https:\/\/www.orcela.cz\/wp-content\/uploads\/carpet-5793524_640_2.jpg","url":"https:\/\/www.orcela.cz\/wp-content\/uploads\/carpet-5793524_640_2.jpg","height":0,"width":0},"keywords":null},{"@type":"Article","@id":"https:\/\/www.orcela.cz\/jak-na-kvalitni-reklamu\/","headline":"Jak na kvalitn\u00ed reklamu?","url":"https:\/\/www.orcela.cz\/jak-na-kvalitni-reklamu\/","datePublished":"2023-01-31","dateModified":"2023-05-03","mainEntityOfPage":"https:\/\/www.orcela.cz\/jak-na-kvalitni-reklamu\/","author":{"@type":"Person","@id":"https:\/\/www.orcela.cz\/author\/#Person","name":"","url":"https:\/\/www.orcela.cz\/author\/","identifier":1,"image":{"@type":"ImageObject","@id":"https:\/\/secure.gravatar.com\/avatar\/99fa2d7bb0ff3369cbf7f1481134d0b6f7aff596e984b7c90a3d99b8b24eb0d8?s=96&d=mm&r=g","url":"https:\/\/secure.gravatar.com\/avatar\/99fa2d7bb0ff3369cbf7f1481134d0b6f7aff596e984b7c90a3d99b8b24eb0d8?s=96&d=mm&r=g","height":96,"width":96}},"publisher":{"@type":"Organization","name":"orcela.cz","logo":{"@type":"ImageObject","@id":"\/logo.png","url":"\/logo.png","width":600,"height":60}},"image":{"@type":"ImageObject","@id":"https:\/\/www.orcela.cz\/wp-content\/uploads\/seo-g836956396_640_1.jpg","url":"https:\/\/www.orcela.cz\/wp-content\/uploads\/seo-g836956396_640_1.jpg","height":0,"width":0},"keywords":null},{"@type":"Article","@id":"https:\/\/www.orcela.cz\/co-nam-rika-certifikat-kvality\/","headline":"Co n\u00e1m \u0159\u00edk\u00e1 certifik\u00e1t kvality","url":"https:\/\/www.orcela.cz\/co-nam-rika-certifikat-kvality\/","datePublished":"2023-01-10","dateModified":"2023-05-03","mainEntityOfPage":"https:\/\/www.orcela.cz\/co-nam-rika-certifikat-kvality\/","author":{"@type":"Person","@id":"https:\/\/www.orcela.cz\/author\/#Person","name":"","url":"https:\/\/www.orcela.cz\/author\/","identifier":1,"image":{"@type":"ImageObject","@id":"https:\/\/secure.gravatar.com\/avatar\/99fa2d7bb0ff3369cbf7f1481134d0b6f7aff596e984b7c90a3d99b8b24eb0d8?s=96&d=mm&r=g","url":"https:\/\/secure.gravatar.com\/avatar\/99fa2d7bb0ff3369cbf7f1481134d0b6f7aff596e984b7c90a3d99b8b24eb0d8?s=96&d=mm&r=g","height":96,"width":96}},"publisher":{"@type":"Organization","name":"orcela.cz","logo":{"@type":"ImageObject","@id":"\/logo.png","url":"\/logo.png","width":600,"height":60}},"image":{"@type":"ImageObject","@id":"https:\/\/www.orcela.cz\/wp-content\/uploads\/certifikat1_2.jpg","url":"https:\/\/www.orcela.cz\/wp-content\/uploads\/certifikat1_2.jpg","height":0,"width":0},"keywords":null},{"@type":"Article","@id":"https:\/\/www.orcela.cz\/dlouhodoby-pronajem-vozu\/","headline":"Dlouhodob\u00fd pron\u00e1jem vozu","url":"https:\/\/www.orcela.cz\/dlouhodoby-pronajem-vozu\/","datePublished":"2022-12-12","dateModified":"2023-05-03","mainEntityOfPage":"https:\/\/www.orcela.cz\/dlouhodoby-pronajem-vozu\/","author":{"@type":"Person","@id":"https:\/\/www.orcela.cz\/author\/#Person","name":"","url":"https:\/\/www.orcela.cz\/author\/","identifier":1,"image":{"@type":"ImageObject","@id":"https:\/\/secure.gravatar.com\/avatar\/99fa2d7bb0ff3369cbf7f1481134d0b6f7aff596e984b7c90a3d99b8b24eb0d8?s=96&d=mm&r=g","url":"https:\/\/secure.gravatar.com\/avatar\/99fa2d7bb0ff3369cbf7f1481134d0b6f7aff596e984b7c90a3d99b8b24eb0d8?s=96&d=mm&r=g","height":96,"width":96}},"publisher":{"@type":"Organization","name":"orcela.cz","logo":{"@type":"ImageObject","@id":"\/logo.png","url":"\/logo.png","width":600,"height":60}},"image":{"@type":"ImageObject","@id":"https:\/\/www.orcela.cz\/wp-content\/uploads\/machine-g4be4b7460_1920.jpg","url":"https:\/\/www.orcela.cz\/wp-content\/uploads\/machine-g4be4b7460_1920.jpg","height":0,"width":0},"keywords":null},{"@type":"Article","@id":"https:\/\/www.orcela.cz\/komu-se-hodi-sluzba-vyklizeni-nemovitosti\/","headline":"Komu se hod\u00ed slu\u017eba vykl\u00edzen\u00ed nemovitost\u00ed","url":"https:\/\/www.orcela.cz\/komu-se-hodi-sluzba-vyklizeni-nemovitosti\/","datePublished":"2022-11-29","dateModified":"2023-05-03","mainEntityOfPage":"https:\/\/www.orcela.cz\/komu-se-hodi-sluzba-vyklizeni-nemovitosti\/","author":{"@type":"Person","@id":"https:\/\/www.orcela.cz\/author\/#Person","name":"","url":"https:\/\/www.orcela.cz\/author\/","identifier":1,"image":{"@type":"ImageObject","@id":"https:\/\/secure.gravatar.com\/avatar\/99fa2d7bb0ff3369cbf7f1481134d0b6f7aff596e984b7c90a3d99b8b24eb0d8?s=96&d=mm&r=g","url":"https:\/\/secure.gravatar.com\/avatar\/99fa2d7bb0ff3369cbf7f1481134d0b6f7aff596e984b7c90a3d99b8b24eb0d8?s=96&d=mm&r=g","height":96,"width":96}},"publisher":{"@type":"Organization","name":"orcela.cz","logo":{"@type":"ImageObject","@id":"\/logo.png","url":"\/logo.png","width":600,"height":60}},"image":{"@type":"ImageObject","@id":"https:\/\/www.orcela.cz\/wp-content\/uploads\/auto-gdf14b7cf1_640.jpg","url":"https:\/\/www.orcela.cz\/wp-content\/uploads\/auto-gdf14b7cf1_640.jpg","height":0,"width":0},"keywords":null},{"@type":"Article","@id":"https:\/\/www.orcela.cz\/praskle-topeni-to-je-take-havarie\/","headline":"Praskl\u00e9 topen\u00ed \u2013 to je tak\u00e9 hav\u00e1rie","url":"https:\/\/www.orcela.cz\/praskle-topeni-to-je-take-havarie\/","datePublished":"2022-11-20","dateModified":"2023-05-03","mainEntityOfPage":"https:\/\/www.orcela.cz\/praskle-topeni-to-je-take-havarie\/","author":{"@type":"Person","@id":"https:\/\/www.orcela.cz\/author\/#Person","name":"","url":"https:\/\/www.orcela.cz\/author\/","identifier":1,"image":{"@type":"ImageObject","@id":"https:\/\/secure.gravatar.com\/avatar\/99fa2d7bb0ff3369cbf7f1481134d0b6f7aff596e984b7c90a3d99b8b24eb0d8?s=96&d=mm&r=g","url":"https:\/\/secure.gravatar.com\/avatar\/99fa2d7bb0ff3369cbf7f1481134d0b6f7aff596e984b7c90a3d99b8b24eb0d8?s=96&d=mm&r=g","height":96,"width":96}},"publisher":{"@type":"Organization","name":"orcela.cz","logo":{"@type":"ImageObject","@id":"\/logo.png","url":"\/logo.png","width":600,"height":60}},"image":{"@type":"ImageObject","@id":"https:\/\/www.orcela.cz\/wp-content\/uploads\/thermostat-g0a9accaf2_640_1.jpg","url":"https:\/\/www.orcela.cz\/wp-content\/uploads\/thermostat-g0a9accaf2_640_1.jpg","height":0,"width":0},"keywords":null},{"@type":"Article","@id":"https:\/\/www.orcela.cz\/tipy-na-komedialni-serialy\/","headline":"Tipy na komedi\u00e1ln\u00ed seri\u00e1ly","url":"https:\/\/www.orcela.cz\/tipy-na-komedialni-serialy\/","datePublished":"2022-11-16","dateModified":"2023-05-03","mainEntityOfPage":"https:\/\/www.orcela.cz\/tipy-na-komedialni-serialy\/","author":{"@type":"Person","@id":"https:\/\/www.orcela.cz\/author\/#Person","name":"","url":"https:\/\/www.orcela.cz\/author\/","identifier":1,"image":{"@type":"ImageObject","@id":"https:\/\/secure.gravatar.com\/avatar\/99fa2d7bb0ff3369cbf7f1481134d0b6f7aff596e984b7c90a3d99b8b24eb0d8?s=96&d=mm&r=g","url":"https:\/\/secure.gravatar.com\/avatar\/99fa2d7bb0ff3369cbf7f1481134d0b6f7aff596e984b7c90a3d99b8b24eb0d8?s=96&d=mm&r=g","height":96,"width":96}},"publisher":{"@type":"Organization","name":"orcela.cz","logo":{"@type":"ImageObject","@id":"\/logo.png","url":"\/logo.png","width":600,"height":60}},"image":{"@type":"ImageObject","@id":"https:\/\/www.orcela.cz\/wp-content\/uploads\/pexels-munkhbayar-dambajav-11195821.jpg","url":"https:\/\/www.orcela.cz\/wp-content\/uploads\/pexels-munkhbayar-dambajav-11195821.jpg","height":0,"width":0},"keywords":null},{"@type":"Article","@id":"https:\/\/www.orcela.cz\/na-tuto-akci-budete-potrebovat-plno-veci\/","headline":"Na tuto akci budete pot\u0159ebovat plno v\u011bc\u00ed","url":"https:\/\/www.orcela.cz\/na-tuto-akci-budete-potrebovat-plno-veci\/","datePublished":"2022-11-14","dateModified":"2023-06-21","mainEntityOfPage":"https:\/\/www.orcela.cz\/na-tuto-akci-budete-potrebovat-plno-veci\/","author":{"@type":"Person","@id":"https:\/\/www.orcela.cz\/author\/#Person","name":"","url":"https:\/\/www.orcela.cz\/author\/","identifier":1,"image":{"@type":"ImageObject","@id":"https:\/\/secure.gravatar.com\/avatar\/99fa2d7bb0ff3369cbf7f1481134d0b6f7aff596e984b7c90a3d99b8b24eb0d8?s=96&d=mm&r=g","url":"https:\/\/secure.gravatar.com\/avatar\/99fa2d7bb0ff3369cbf7f1481134d0b6f7aff596e984b7c90a3d99b8b24eb0d8?s=96&d=mm&r=g","height":96,"width":96}},"publisher":{"@type":"Organization","name":"orcela.cz","logo":{"@type":"ImageObject","@id":"\/logo.png","url":"\/logo.png","width":600,"height":60}},"image":{"@type":"ImageObject","@id":"https:\/\/www.orcela.cz\/wp-content\/uploads\/minibus%20volkswagen_1.jpg","url":"https:\/\/www.orcela.cz\/wp-content\/uploads\/minibus%20volkswagen_1.jpg","height":0,"width":0},"keywords":null}]}