[{"@context":"https:\/\/schema.org\/","@type":"Article","@id":"https:\/\/www.orcela.cz\/postovni-schranka-samostatna-i-v-sestave\/#Article","mainEntityOfPage":"https:\/\/www.orcela.cz\/postovni-schranka-samostatna-i-v-sestave\/","headline":"Po\u0161tovn\u00ed schr\u00e1nka samostatn\u00e1 i v sestav\u011b","name":"Po\u0161tovn\u00ed schr\u00e1nka samostatn\u00e1 i v sestav\u011b","description":"Je ji\u017e doslova nezbytnou sou\u010d\u00e1st\u00ed ka\u017ed\u00e9 budovy. Najdete j\u00ed na bytov\u00fdch jednotk\u00e1ch, v panel\u00e1c\u00edch, domech, &hellip; ","datePublished":"2023-09-21","dateModified":"2023-09-21","author":{"@type":"Person","@id":"https:\/\/www.orcela.cz\/author\/#Person","name":"","url":"https:\/\/www.orcela.cz\/author\/","identifier":1,"image":{"@type":"ImageObject","@id":"https:\/\/secure.gravatar.com\/avatar\/99fa2d7bb0ff3369cbf7f1481134d0b6f7aff596e984b7c90a3d99b8b24eb0d8?s=96&d=mm&r=g","url":"https:\/\/secure.gravatar.com\/avatar\/99fa2d7bb0ff3369cbf7f1481134d0b6f7aff596e984b7c90a3d99b8b24eb0d8?s=96&d=mm&r=g","height":96,"width":96}},"publisher":{"@type":"Organization","name":"orcela.cz","logo":{"@type":"ImageObject","@id":"\/logo.png","url":"\/logo.png","width":600,"height":60}},"url":"https:\/\/www.orcela.cz\/postovni-schranka-samostatna-i-v-sestave\/","wordCount":231,"articleBody":"Je ji\u017e doslova nezbytnou sou\u010d\u00e1st\u00ed ka\u017ed\u00e9 budovy. Najdete j\u00ed na bytov\u00fdch jednotk\u00e1ch, v panel\u00e1c\u00edch, domech, firm\u00e1ch, prost\u011b v\u0161ude, kde dopisy touto formou je\u0161t\u011b p\u0159ij\u00edmaj\u00ed. Pro vnit\u0159n\u00ed um\u00edst\u011bn\u00ed je vhodn\u00e1 varianta samostatn\u00e9. Pro venkovn\u00ed um\u00edst\u011bn\u00ed v\u00e1s zaujmou sestavy, kter\u00e9 se zabuduj\u00ed p\u0159\u00edmo do zdiva. Otvor bude zevnit\u0159, tak\u017ee listovn\u00ed tajemstv\u00ed bude dokonale chr\u00e1n\u011bn\u00e9, a jen tak n\u011bkdo se k n\u011bmu z ven\u010d\u00ed nedostane. Bude pro v\u00e1s radost\u00ed si dopisy ka\u017ed\u00fd dne z n\u00ed vybrat. Nap\u011bt\u00ed, co v\u00e1s v n\u00ed \u010dek\u00e1, a\u017e do otev\u0159en\u00ed dv\u00ed\u0159ek kl\u00ed\u010dem.V\u0161echno d\u016fle\u017eit\u00e9 bude doru\u010denoPokud se chyst\u00e1te odcestovat a m\u00e1te obavy, jestli dopisy budou doru\u010den\u00e9 a do t\u00e9 doby, ne\u017e se vr\u00e1t\u00edte chr\u00e1n\u011bn\u00e9, tak nemus\u00edte m\u00edt obavy. Modern\u00ed po\u0161tovn\u00ed schr\u00e1nka je vyrobena z kvalitn\u00edch materi\u00e1l\u016f a zabezpe\u010dena tak, aby nikdo ciz\u00ed nem\u011bl bez kl\u00ed\u010de do n\u00ed p\u0159\u00edstup. Va\u0161e dopisy budou p\u011bkn\u011b v suchu, i kdy\u017e bude venku zrovna pr\u016ftr\u017e mra\u010den. Vhodn\u00e9 m\u00edsto nejen pro b\u011b\u017enou korespondenci, ale i pro denn\u00ed tisk, \u010di reklamn\u00ed let\u00e1ky. A pokud v\u00e1m nikdo nep\u00ed\u0161e, jako vkusn\u00e1 dekorace se taky hod\u00ed.                                                                                                                                                                                                                                                                                                                                                                                        4.6\/5 - (7 votes)        "},{"@context":"https:\/\/schema.org\/","@type":"BreadcrumbList","itemListElement":[{"@type":"ListItem","position":1,"name":"Po\u0161tovn\u00ed schr\u00e1nka samostatn\u00e1 i v sestav\u011b","item":"https:\/\/www.orcela.cz\/postovni-schranka-samostatna-i-v-sestave\/#breadcrumbitem"}]}]