[{"@context":"https:\/\/schema.org\/","@type":"Article","@id":"https:\/\/www.orcela.cz\/prace-v-pizerii\/#Article","mainEntityOfPage":"https:\/\/www.orcela.cz\/prace-v-pizerii\/","headline":"Pr\u00e1ce v pizerii","name":"Pr\u00e1ce v pizerii","description":"Mysl\u00edm si, \u017ee automobil je pro v\u0161echny lidi hodn\u011b d\u016fle\u017eit\u00fd. A opravdu lituji ty lidi, &hellip; ","datePublished":"2022-07-30","dateModified":"2023-05-03","author":{"@type":"Person","@id":"https:\/\/www.orcela.cz\/author\/#Person","name":"","url":"https:\/\/www.orcela.cz\/author\/","identifier":1,"image":{"@type":"ImageObject","@id":"https:\/\/secure.gravatar.com\/avatar\/99fa2d7bb0ff3369cbf7f1481134d0b6f7aff596e984b7c90a3d99b8b24eb0d8?s=96&d=mm&r=g","url":"https:\/\/secure.gravatar.com\/avatar\/99fa2d7bb0ff3369cbf7f1481134d0b6f7aff596e984b7c90a3d99b8b24eb0d8?s=96&d=mm&r=g","height":96,"width":96}},"publisher":{"@type":"Organization","name":"orcela.cz","logo":{"@type":"ImageObject","@id":"\/logo.png","url":"\/logo.png","width":600,"height":60}},"image":{"@type":"ImageObject","@id":"https:\/\/www.orcela.cz\/wp-content\/uploads\/mercedes-amg-gt-693376_960_720_1.jpg","url":"https:\/\/www.orcela.cz\/wp-content\/uploads\/mercedes-amg-gt-693376_960_720_1.jpg","height":0,"width":0},"url":"https:\/\/www.orcela.cz\/prace-v-pizerii\/","about":["Moto"],"wordCount":418,"articleBody":"Mysl\u00edm si, \u017ee automobil je pro v\u0161echny lidi hodn\u011b d\u016fle\u017eit\u00fd. A opravdu lituji ty lidi, kte\u0159\u00ed cht\u011bj\u00ed m\u00edt automobil a \u0159idi\u010dsk\u00fd pr\u016fkaz, ale v\u016fbec to nem\u016f\u017eou m\u00edt. A to t\u0159eba nap\u0159\u00edklad ve zdravotn\u00edch d\u016fvod\u016f. J\u00e1 v\u00e1m taky chci popsat jeden sv\u016fj \u017eivotn\u00ed p\u0159\u00edb\u011bh, kter\u00fd se mi stal a opravdu m\u011b to tr\u00e1p\u00ed i dnes. \u0158idi\u010dsk\u00fd pr\u016fkaz jsem m\u011bla u\u017e t\u0159i m\u011bs\u00edce a j\u00e1 jsem se t\u011b\u0161ila, jak budu potom \u0159\u00eddit auto. A taky jsem potom cht\u011bla pracovat v pizzerii, abych mohla rozv\u00e1\u017eet pizzu. Proto\u017ee pr\u00e1ce s autem by m\u011b moc bavila, tak\u017ee jsem si potom cht\u011bla taky hledat zam\u011bstn\u00e1n\u00ed, kdy budu moci jezdit autem. Anebo t\u0159eba taky klidn\u011b dod\u00e1vkou. Dod\u00e1vka by m\u011b taky moc bavila a t\u0159eba taky bych mohla rozv\u00e1\u017eet r\u016fzn\u00e9 v\u011bci, to bych taky byla v sedm\u00e9m nebi. Sice nepot\u0159ebuji ke sv\u00e9mu \u017eivotu dokonal\u00e9 auto anebo\u00a0luxusn\u00ed\u00a0dod\u00e1vku, sta\u010d\u00ed mi pouze klasick\u00e9 auto, kter\u00e9 nen\u00ed drah\u00e9 je klidn\u011b i mal\u00e9.I kdy\u017e se mi samoz\u0159ejm\u011b l\u00edb\u00ed i sportovn\u00ed auta, kter\u00e1 jsou luxusn\u00ed a takov\u00e1 n\u00edzk\u00e1 a zakulacen\u00e1. Jenom\u017ee na tohle m\u00edt pen\u00edze v\u016fbec asi nikdy nebudu. Bohu\u017eel se ale stala jedna pohroma. Dostala jsem dva epileptick\u00e9 z\u00e1chvaty, potom mi kv\u016fli tomu vzali \u0159idi\u010dsk\u00fd pr\u016fkaz. Epilepsii m\u00e1m u\u017e dva roky a \u0159idi\u010dsk\u00fd pr\u016fkaz taky nem\u00e1m a jenom \u010dek\u00e1m, \u017ee se mi epilepsie zlep\u0161\u00ed anebo \u00fapln\u011b vytrat\u00ed, abych si potom mohla ud\u011blat znovu \u0159idi\u010dsk\u00fd pr\u016fkaz a jezdit autem. Pr\u00fd je\u0161t\u011b mus\u00edm \u010dekat dva roky. Z\u00e1chvat epilepsie jsem nem\u011bla u\u017e rok a p\u016fl, tak\u017ee pr\u00fd bych mohla znovu nastoupit do auto\u0161koly a ud\u011blat si \u0159idi\u010dsk\u00fd pr\u016fkaz. No, budu doufat, \u017ee se mi v\u0161echno poda\u0159\u00ed a \u017ee se mi spln\u00ed sen, \u017ee budu pracovat v pr\u00e1ci, kde budu jezdit hlavn\u011b autem. A jak\u00e1 je\u00a0va\u0161e\u00a0pr\u00e1ce? Taky jezd\u00edte autem? J\u00e1 se t\u011b\u0161\u00edm, a\u017e zase\u00a0budu\u00a0zdrav\u00e1, abych\u00a0si\u00a0mohla znovu\u00a0splnit\u00a0sv\u016fj\u00a0sen. M\u00e1m zn\u00e1m\u00e9ho,\u00a0kter\u00fd\u00a0vlastn\u00ed\u00a0pizzerii, tak\u017ee by m\u011b pr\u00fd ihned zam\u011bstnal a mohla bych\u00a0rozv\u00e1\u017eet\u00a0pizzu.\u00a0Je\u00a0prima, \u017ee bych m\u011bla u\u017e i pr\u00e1ci.\u00a0                                                                                                                                                                                                                                                                                                                                                                                        4.3\/5 - (10 votes)        "},{"@context":"https:\/\/schema.org\/","@type":"BreadcrumbList","itemListElement":[{"@type":"ListItem","position":1,"name":"Pr\u00e1ce v pizerii","item":"https:\/\/www.orcela.cz\/prace-v-pizerii\/#breadcrumbitem"}]}]