[{"@context":"https:\/\/schema.org\/","@type":"Article","@id":"https:\/\/www.orcela.cz\/prijemny-kolektiv\/#Article","mainEntityOfPage":"https:\/\/www.orcela.cz\/prijemny-kolektiv\/","headline":"P\u0159\u00edjemn\u00fd kolektiv","name":"P\u0159\u00edjemn\u00fd kolektiv","description":"Jsem hodn\u011b spole\u010densk\u00fd \u010dlov\u011bk, tak\u017ee nerada tr\u00e1v\u00edm \u010das sama. Samoz\u0159ejm\u011b, \u017ee taky n\u011bkdy chci b\u00fdt &hellip; ","datePublished":"2022-03-09","dateModified":"2022-03-09","author":{"@type":"Person","@id":"https:\/\/www.orcela.cz\/author\/#Person","name":"","url":"https:\/\/www.orcela.cz\/author\/","identifier":1,"image":{"@type":"ImageObject","@id":"https:\/\/secure.gravatar.com\/avatar\/99fa2d7bb0ff3369cbf7f1481134d0b6f7aff596e984b7c90a3d99b8b24eb0d8?s=96&d=mm&r=g","url":"https:\/\/secure.gravatar.com\/avatar\/99fa2d7bb0ff3369cbf7f1481134d0b6f7aff596e984b7c90a3d99b8b24eb0d8?s=96&d=mm&r=g","height":96,"width":96}},"publisher":{"@type":"Organization","name":"orcela.cz","logo":{"@type":"ImageObject","@id":"\/logo.png","url":"\/logo.png","width":600,"height":60}},"image":{"@type":"ImageObject","@id":"https:\/\/www.orcela.cz\/wp-content\/uploads\/pusty_kostel_s3_1.jpg","url":"https:\/\/www.orcela.cz\/wp-content\/uploads\/pusty_kostel_s3_1.jpg","height":0,"width":0},"url":"https:\/\/www.orcela.cz\/prijemny-kolektiv\/","about":["Spole\u010dnost"],"wordCount":458,"articleBody":"Jsem hodn\u011b spole\u010densk\u00fd \u010dlov\u011bk, tak\u017ee nerada tr\u00e1v\u00edm \u010das sama. Samoz\u0159ejm\u011b, \u017ee taky n\u011bkdy chci b\u00fdt sama, abych si odpo\u010dinula, ale taky si t\u0159eba \u010detla jsem mou obl\u00edbenou knihu nebo se pod\u00edvala na seri\u00e1l. Ale v\u00edcem\u00e9n\u011b jsem r\u00e1da ve spole\u010dnosti, kde je to hlavn\u011b pln\u00e9 skv\u011bl\u00fdch a pozitivn\u00edch lid\u00ed. Proto\u017ee opravdu nem\u00e1m r\u00e1da spole\u010dnost takovou, kter\u00e1 je jenom rozmrzel\u00e1 a v\u011b\u010dn\u011b si na n\u011bco st\u011b\u017euje nebo je sprost\u00e1. Jist\u011b v\u0161ichni zn\u00e1me takovou nerudnou spole\u010dnost, co jenom nad\u00e1v\u00e1 a st\u011b\u017euj\u00ed si na sv\u016fj zbab\u011bl\u00fd a nudn\u00fd\u00a0\u017eivot. J\u00e1 jsem bohu\u017eel takov\u00fd \u010dlov\u011bk, \u017ee v\u011bt\u0161inou do sebe nasaji takovou atmosf\u00e9ru a n\u00e1ladu lid\u00ed, ve kter\u00e9 se zrovna nach\u00e1z\u00edm.Tak\u017ee bohu\u017eel, kdy\u017e jsem v n\u011bjak\u00e9 spole\u010dnosti, kde jsou v\u0161ichni takov\u00ed smutn\u00ed a h\u00e1kliv\u00ed anebo sprost\u00ed, tak bohu\u017eel j\u00e1 takov\u00e1 taky jsem. A proto vyhled\u00e1v\u00e1m takovou spole\u010dnost lid\u00ed, kde je mi p\u0159\u00edjemn\u011b a kde se m\u016f\u017eu radovat a b\u00fdt \u0161\u0165astn\u00e1 a vesel\u00e1. Jednou se mi stalo, \u017ee jsem \u0161la do nov\u00e9 pr\u00e1ce. Abych pravdu \u0159ekla, do pr\u00e1ce jsem se opravdu hodn\u011b t\u011b\u0161ila, proto\u017ee se r\u00e1da seznamuji s nov\u00fdmi lidmi a m\u00e1m r\u00e1da vesel\u00fd a spole\u010densk\u00fd kolektiv. Jenom\u017ee kdy\u017e jsem p\u0159i\u0161la do pr\u00e1ce, u\u017e jsem v\u011bd\u011bla, \u017ee je n\u011bco \u0161patn\u011b a \u017ee to nebude tak ide\u00e1ln\u00ed a r\u016f\u017eov\u00e9, jak jsme si p\u0159edt\u00edm myslela. Lid\u00e9 tam v pr\u00e1ci, v t\u00e9 nov\u00e9 pr\u00e1ci, jak jsem nastoupila, byli v\u0161ichni takov\u00ed rozmrzel\u00ed. Mysl\u00edm si, \u017ee taky v\u0161ichni byli workoholici. Opravdu se s nimi ned\u00e1 norm\u00e1ln\u011b mluvit, v\u0161ichni byli takov\u00ed sprost\u00ed a arogantn\u00ed, \u017ee jsem si \u0159ekla, \u017ee v takov\u00e9 pr\u00e1ci prost\u011b nem\u016f\u017eu opravdu tr\u00e1vit sv\u016fj pracovn\u00ed \u010das. Necht\u011bla jsem b\u00fdt deset hodin v pr\u00e1ci, kde m\u011b to ub\u00edj\u00ed a kde jsou lid\u00e9 tak sprost\u00ed anebo tak ustaran\u00ed, \u017ee jsem se nemohl ani soust\u0159edit na pr\u00e1ci, ani sama na sebe. Tak\u017ee jsem se rad\u011bji vr\u00e1tila do sv\u00e9 p\u0159edchoz\u00ed pr\u00e1ce, kde jsem sice m\u011bla m\u00e1lo pen\u011bz, ale zato spole\u010dnost a kolegov\u00e9 v pr\u00e1ci byly naprosto nenahraditeln\u00ed a zlat\u00ed. A jac\u00ed jste vy? Jste r\u00e1di sami nebo taky nejrad\u011bji tr\u00e1v\u00edte \u010das v spole\u010dnosti skv\u011bl\u00fdch a vesel\u00fdch lid\u00ed? Je opravdu hodn\u011b lid\u00ed, co vyhled\u00e1v\u00e1 ur\u010ditou spole\u010dnost lid\u00ed.\u00a0                                                                                                                                                                                                                                                                                                                                                                                        5\/5 - (1 vote)        "},{"@context":"https:\/\/schema.org\/","@type":"BreadcrumbList","itemListElement":[{"@type":"ListItem","position":1,"name":"P\u0159\u00edjemn\u00fd kolektiv","item":"https:\/\/www.orcela.cz\/prijemny-kolektiv\/#breadcrumbitem"}]}]