[{"@context":"https:\/\/schema.org\/","@type":"Article","@id":"https:\/\/www.orcela.cz\/pro-kazdeho-neco\/#Article","mainEntityOfPage":"https:\/\/www.orcela.cz\/pro-kazdeho-neco\/","headline":"Pro ka\u017ed\u00e9ho n\u011bco","name":"Pro ka\u017ed\u00e9ho n\u011bco","description":"Jsme p\u0159ipraveni na ka\u017ed\u00fd v\u00e1\u0161 po\u017eadavek!Jakoukoliv velikost budete po\u017eadovat, dostanete ji! I v\u00a0barv\u011b jakou si &hellip; ","datePublished":"2024-11-23","dateModified":"2024-11-23","author":{"@type":"Person","@id":"https:\/\/www.orcela.cz\/author\/#Person","name":"","url":"https:\/\/www.orcela.cz\/author\/","identifier":1,"image":{"@type":"ImageObject","@id":"https:\/\/secure.gravatar.com\/avatar\/99fa2d7bb0ff3369cbf7f1481134d0b6f7aff596e984b7c90a3d99b8b24eb0d8?s=96&d=mm&r=g","url":"https:\/\/secure.gravatar.com\/avatar\/99fa2d7bb0ff3369cbf7f1481134d0b6f7aff596e984b7c90a3d99b8b24eb0d8?s=96&d=mm&r=g","height":96,"width":96}},"publisher":{"@type":"Organization","name":"orcela.cz","logo":{"@type":"ImageObject","@id":"\/logo.png","url":"\/logo.png","width":600,"height":60}},"url":"https:\/\/www.orcela.cz\/pro-kazdeho-neco\/","wordCount":172,"articleBody":"Jsme p\u0159ipraveni na ka\u017ed\u00fd v\u00e1\u0161 po\u017eadavek!Jakoukoliv velikost budete po\u017eadovat, dostanete ji! I v\u00a0barv\u011b jakou si vyberete! Je libo triko s\u00a0kulat\u00fdm v\u00fdst\u0159ihem, anebo v\u00fdst\u0159ih do v\u00e9\u010dka? Nic nen\u00ed nemo\u017en\u00e9. Ji\u017e d\u00e1vno jsou pry\u010d ty \u010dasy, kdy se potiskovala pouze neforemn\u00e1 jednoduch\u00e1 trika bez n\u00e1padu. Chceme, aby se v\u00e1m n\u00e1\u0161 reklamn\u00ed textil l\u00edbil i jen s\u00e1m o sob\u011b, aby byl pro v\u00e1s atraktivn\u00ed a vy p\u0159i propagaci u va\u0161eho klienta byli py\u0161n\u00ed, \u017ee mu p\u0159ed\u00e1v\u00e1te d\u00e1rek, kter\u00fd byste si klidn\u011b obl\u00e9kli sami. I va\u0161i zam\u011bstnanci by m\u011bli r\u00e1di nosit oble\u010den\u00ed s\u00a0logem sv\u00e9 firmy. Logicky ho budou nosit rad\u011bji, \u010d\u00edm jim bude materi\u00e1l p\u0159\u00edjemn\u011bj\u0161\u00ed a styl bude v\u00edce trendy. Tak\u017ee rovnou k\u00a0n\u00e1m! Va\u0161i zam\u011bstnanci budou nad\u0161eni jak z\u00a0tri\u010dek, tak t\u0159eba z\u00a0mikin ve vybran\u00e9 barv\u011b.                                                                                                                                                                                                                                                                                                                                                                                        2.5\/5 - (4 votes)        "},{"@context":"https:\/\/schema.org\/","@type":"BreadcrumbList","itemListElement":[{"@type":"ListItem","position":1,"name":"Pro ka\u017ed\u00e9ho n\u011bco","item":"https:\/\/www.orcela.cz\/pro-kazdeho-neco\/#breadcrumbitem"}]}]