[{"@context":"https:\/\/schema.org\/","@type":"Article","@id":"https:\/\/www.orcela.cz\/relaxace-u-more\/#Article","mainEntityOfPage":"https:\/\/www.orcela.cz\/relaxace-u-more\/","headline":"Relaxace u mo\u0159e","name":"Relaxace u mo\u0159e","description":"V\u017edycky jsem r\u00e1da cestovala tam, kde si nejl\u00e9pe odpo\u010dinu. A nev\u00edm jak vy, ale j\u00e1 &hellip; ","datePublished":"2023-02-08","dateModified":"2023-05-03","author":{"@type":"Person","@id":"https:\/\/www.orcela.cz\/author\/#Person","name":"","url":"https:\/\/www.orcela.cz\/author\/","identifier":1,"image":{"@type":"ImageObject","@id":"https:\/\/secure.gravatar.com\/avatar\/99fa2d7bb0ff3369cbf7f1481134d0b6f7aff596e984b7c90a3d99b8b24eb0d8?s=96&d=mm&r=g","url":"https:\/\/secure.gravatar.com\/avatar\/99fa2d7bb0ff3369cbf7f1481134d0b6f7aff596e984b7c90a3d99b8b24eb0d8?s=96&d=mm&r=g","height":96,"width":96}},"publisher":{"@type":"Organization","name":"orcela.cz","logo":{"@type":"ImageObject","@id":"\/logo.png","url":"\/logo.png","width":600,"height":60}},"image":{"@type":"ImageObject","@id":"https:\/\/www.orcela.cz\/wp-content\/uploads\/lago-federa-3746335_960_720.jpg","url":"https:\/\/www.orcela.cz\/wp-content\/uploads\/lago-federa-3746335_960_720.jpg","height":0,"width":0},"url":"https:\/\/www.orcela.cz\/relaxace-u-more\/","about":["Cestov\u00e1n\u00ed"],"wordCount":461,"articleBody":"V\u017edycky jsem r\u00e1da cestovala tam, kde si nejl\u00e9pe odpo\u010dinu. A nev\u00edm jak vy, ale j\u00e1 si v\u017edycky nejl\u00e9pe odpo\u010dinu tam, kde je teplo mo\u0159e a p\u00edsek. J\u00e1 m\u00e1m opravdu r\u00e1da mo\u0159e. Nejrad\u011bji cestuji pr\u00e1v\u011b k mo\u0159i, kde je taky velice p\u0159\u00edjemn\u00fd p\u00edsek. A moc r\u00e1da vzpom\u00edn\u00e1m na tu dobu, kdy jsem s rodinou jezdila k mo\u0159i, a\u00a0hlavn\u011b\u00a0do Chorvatska anebo Bulharska. Moc se mi l\u00edbil p\u00edsek, kter\u00fd v\u017edycky p\u016fsobil jako p\u0159\u00edrodn\u00ed pedik\u00fara. Tohle \u0159\u00edkala taky v\u017edycky moje maminka, tak\u017ee kdy\u017e jsme byly spolu u mo\u0159e, tak jsme\u00a0\u0161ly\u00a0do p\u00edsku, abychom si obrousily starou k\u016f\u017ei na nohou. Byla to\u00a0v\u00e1\u017en\u011b\u00a0z\u00e1bava a mohu v\u00e1m to\u00a0doporu\u010dit. Nebo si\u00a0nechte\u00a0o\u0161et\u0159it\u00a0nohy\u00a0rybi\u010dkami,\u00a0kter\u00e9\u00a0v\u00e1m zase\u00a0k\u016f\u017ei\u00a0okou\u0161ou. kamkoliv k vod\u011b budete\u00a0cestovat, tak tam v\u017edy najdete n\u011bjakou p\u00e9\u010di, kter\u00e1 by se v\u00e1m mohla l\u00edbit. Mysl\u00edm si, \u017ee tohle je opravdu asi p\u0159\u00edjemn\u00e9 pro ka\u017ed\u00e9ho. A tak jsem si \u0159ekla, \u017ee kdy\u017e budu st\u00e1le cestovat a budu cestovat n\u011bkam, kde jde p\u00edsek, tak to bude pro m\u011b jedin\u011b v\u00fdhodn\u00e9. Nav\u00edc taky d\u00e1v\u00e1m p\u0159ednost tomu, kde je opravdu m\u00e9n\u011b lid\u00ed. Proto\u017ee opravdu nem\u00e1m r\u00e1da takovou dovolenou, kde je hlava na hlav\u011b. Tohle m\u011b v\u017edycky vadilo u n\u00e1s na ve\u0159ejn\u00e9m baz\u00e9nu ve m\u011bst\u011b. V\u017edycky, kdy\u017e jsem \u0161la v l\u00e9t\u011b na baz\u00e9n, tak tam byla opravdu hlava na hlav\u011b, \u017ee se tam nedalo ani hnout.A i kdy\u017e jste se tam kr\u00e1sn\u011b osv\u011b\u017eili v baz\u00e9nu, tak potom na sou\u0161i jste se nemohli ani pohnout, proto\u017ee v\u0161ude byli lid\u00e9 anebo jejich d\u011bti. Jako mraveni\u0161t\u011b! Tak jsem si \u0159ekla, \u017ee n\u011bkdy si ud\u011blat n\u011bjak\u00fd v\u00fdlet na samotu, kde je p\u0159\u00edjemn\u00e9 mo\u0159e, kam taky nejl\u00e9pe vycestovat, je prima. Proto\u017ee \u010dlov\u011bk si mus\u00ed taky odpo\u010dinout od v\u0161eho stresu. Tak\u017ee hled\u00e1m taky n\u011bkde takov\u00e1 odlehl\u00e1 m\u00edsta, kde jsem jenom j\u00e1 a kam si vezmu sv\u00e9ho p\u0159\u00edtele. A mysl\u00edm si, \u017ee i dva zamilovan\u00ed lid\u00e9 pot\u0159ebuji \u010das od \u010dasu n\u011bkam vycestovat, aby je nikdo neru\u0161il, aby t\u0159eba byli jenom dva dny sami a u\u017e\u00edvali si sami sebe. A mysl\u00edm si, \u017ee cestov\u00e1n\u00ed t\u0159eba n\u011bkam do exotick\u00e9 zem\u011b taky podpo\u0159\u00ed jejich vztah a oko\u0159en\u00edm to v\u0161em cel\u00fd \u017eivot.\u00a0\u00a0                                                                                                                                                                                                                                                                                                                                                                                        4.3\/5 - (7 votes)        "},{"@context":"https:\/\/schema.org\/","@type":"BreadcrumbList","itemListElement":[{"@type":"ListItem","position":1,"name":"Relaxace u mo\u0159e","item":"https:\/\/www.orcela.cz\/relaxace-u-more\/#breadcrumbitem"}]}]