[{"@context":"https:\/\/schema.org\/","@type":"Article","@id":"https:\/\/www.orcela.cz\/soucasna-moda-nestoji-za-moc\/#Article","mainEntityOfPage":"https:\/\/www.orcela.cz\/soucasna-moda-nestoji-za-moc\/","headline":"Sou\u010dasn\u00e1 m\u00f3da nestoj\u00ed za moc","name":"Sou\u010dasn\u00e1 m\u00f3da nestoj\u00ed za moc","description":"M\u00f3da\u00a0 vypadala v pr\u016fb\u011bhu let r\u016fzn\u011b. Ta dne\u0161n\u00ed vypad\u00e1 v\u011bt\u0161inou zvl\u00e1\u0161t\u011b, a vypad\u00e1 to, \u017ee &hellip; ","datePublished":"2023-07-23","dateModified":"2023-07-23","author":{"@type":"Person","@id":"https:\/\/www.orcela.cz\/author\/#Person","name":"","url":"https:\/\/www.orcela.cz\/author\/","identifier":1,"image":{"@type":"ImageObject","@id":"https:\/\/secure.gravatar.com\/avatar\/99fa2d7bb0ff3369cbf7f1481134d0b6f7aff596e984b7c90a3d99b8b24eb0d8?s=96&d=mm&r=g","url":"https:\/\/secure.gravatar.com\/avatar\/99fa2d7bb0ff3369cbf7f1481134d0b6f7aff596e984b7c90a3d99b8b24eb0d8?s=96&d=mm&r=g","height":96,"width":96}},"publisher":{"@type":"Organization","name":"orcela.cz","logo":{"@type":"ImageObject","@id":"\/logo.png","url":"\/logo.png","width":600,"height":60}},"image":{"@type":"ImageObject","@id":"https:\/\/www.orcela.cz\/wp-content\/uploads\/woman-6992691_640.jpg","url":"https:\/\/www.orcela.cz\/wp-content\/uploads\/woman-6992691_640.jpg","height":0,"width":0},"url":"https:\/\/www.orcela.cz\/soucasna-moda-nestoji-za-moc\/","about":["M\u00f3da"],"wordCount":455,"articleBody":"M\u00f3da\u00a0 vypadala v pr\u016fb\u011bhu let r\u016fzn\u011b. Ta dne\u0161n\u00ed vypad\u00e1 v\u011bt\u0161inou zvl\u00e1\u0161t\u011b, a vypad\u00e1 to, \u017ee se vrac\u00edme do devades\u00e1t\u00fdch let. Tehdy se nosily vytahan\u00e9 kalhoty i mikiny, a pr\u00e1v\u011b takov\u00e9 oble\u010den\u00ed dnes m\u016f\u017ee vid\u011bt na mlad\u0161\u00edch lidech. M\u00f3da je v podstat\u011b to co propaguj\u00ed v\u00fdrobci a co se prod\u00e1v\u00e1 v obchodech. Existuj\u00ed pochopiteln\u011b i dnes obchody s elegantn\u00ed m\u00f3dou, ale tu na ulici moc \u010dasto neuvid\u00edte. Lid\u00e9 v\u011bt\u0161inou d\u00e1vaj\u00ed p\u0159ednost pohodl\u00ed p\u0159ed m\u00f3dou, proto\u017ee ta je \u010dasto nepraktick\u00e1, i kdy\u017e hezk\u00e1.\u017deny rad\u011bji vym\u011bnily lodi\u010dky na podpatku za baler\u00edny nebo za tenisky, proto\u017ee pokud cel\u00fd den n\u011bkde b\u011bhaj\u00ed, nohy dost\u00e1valy po\u0159\u00e1dn\u011b zabrat. Nav\u00edc se pravidelnou ch\u016fz\u00ed na podpatc\u00edch nohy ni\u010d\u00ed, a mnoh\u00e9 o tom v\u00ed sv\u011btov\u00e9 modelky, kter\u00e9 maj\u00ed v d\u016fchod\u011b probl\u00e9m s ch\u016fz\u00ed. Ploch\u00e9 boty jsou zkr\u00e1tka p\u0159\u00edjemn\u011bj\u0161\u00ed a tak se nen\u00ed \u010demu divit, \u017ee je vol\u00ed v\u011bt\u0161ina \u017een. A kdy\u017e k tomu p\u0159id\u00e1te b\u011bh za d\u011btmi, je volba v\u017edycky jasn\u00e1.U n\u00e1s se v ulic\u00edch na m\u00f3du tolik nedb\u00e1, ale kdy\u017e se pod\u00edv\u00e1te do ulic t\u0159eba v It\u00e1lii, tam maj\u00ed \u0161mrnc i lid\u00e9, kte\u0159\u00ed jsou v d\u016fchodu u\u017e opravdu dlouho. Jak je to mo\u017en\u00e9? Mo\u017en\u00e1 je to t\u00edm, \u017ee je tam jin\u00e1 mentalita, a Italov\u00e9 si obecn\u011b um\u00ed u\u017e\u00edvat \u017eivot v\u00edc ne\u017e my. Sice tam nen\u00ed tr\u00e1va zelen\u011bj\u0161\u00ed, ale i p\u0159es t\u011b\u017ekosti \u017eivota si ho um\u00ed u\u017e\u00edt v\u00edc ne\u017e my.M\u00f3da pronik\u00e1 i do bydlen\u00ed, a ka\u017ed\u00fd rok se m\u011bn\u00ed nap\u0159\u00edklad barvy kter\u00e9 zrovna fr\u010d\u00ed. Jen t\u011b\u017eko by si n\u011bkdo ka\u017ed\u00fd rok maloval cel\u00fd domov podle barev kter\u00e9 jsou modern\u00ed, ale jde to vy\u0159e\u0161it nap\u0159\u00edklad dopl\u0148ky do bytu. Jejich v\u00fdhodou je \u017ee jsou levn\u011bj\u0161\u00ed, a pak se daj\u00ed bez probl\u00e9m\u016f prodat nebo p\u0159etvo\u0159it v n\u011bco jin\u00e9ho.Je zbyte\u010dn\u00e9 podl\u00e9hat m\u00f3d\u011b za ka\u017edou cenu, proto\u017ee se ka\u017ed\u00fd rok m\u011bn\u00ed, a v\u011bt\u0161inou jen zbyte\u010dn\u011b utr\u00e1c\u00edte pen\u00edze jen proto, \u017ee v\u00e1m to n\u011bkdo \u201cp\u0159ik\u00e1zal\u201d. \u0158i\u010fte se prost\u011b t\u00edm co se v\u00e1m l\u00edb\u00ed bez ohledu na to, jestli to bylo in p\u0159ed rokem nebo p\u0159ed deseti. Ka\u017ed\u00fd by si m\u011bl rozhodovat s\u00e1m o tom v \u010dem bude chodit.                                                                                                                                                                                                                                                                                                                                                                                        4.7\/5 - (7 votes)        "},{"@context":"https:\/\/schema.org\/","@type":"BreadcrumbList","itemListElement":[{"@type":"ListItem","position":1,"name":"Sou\u010dasn\u00e1 m\u00f3da nestoj\u00ed za moc","item":"https:\/\/www.orcela.cz\/soucasna-moda-nestoji-za-moc\/#breadcrumbitem"}]}]