[{"@context":"https:\/\/schema.org\/","@type":"Article","@id":"https:\/\/www.orcela.cz\/styl-a-moda\/#Article","mainEntityOfPage":"https:\/\/www.orcela.cz\/styl-a-moda\/","headline":"Styl a m\u00f3da","name":"Styl a m\u00f3da","description":"M\u00f3da tady s n\u00e1mi je u\u017e opravdu hodn\u011b dlouho a ka\u017ed\u00fd \u010dlov\u011bk by tak\u00e9 chodil &hellip; ","datePublished":"2024-05-28","dateModified":"2024-05-28","author":{"@type":"Person","@id":"https:\/\/www.orcela.cz\/author\/#Person","name":"","url":"https:\/\/www.orcela.cz\/author\/","identifier":1,"image":{"@type":"ImageObject","@id":"https:\/\/secure.gravatar.com\/avatar\/99fa2d7bb0ff3369cbf7f1481134d0b6f7aff596e984b7c90a3d99b8b24eb0d8?s=96&d=mm&r=g","url":"https:\/\/secure.gravatar.com\/avatar\/99fa2d7bb0ff3369cbf7f1481134d0b6f7aff596e984b7c90a3d99b8b24eb0d8?s=96&d=mm&r=g","height":96,"width":96}},"publisher":{"@type":"Organization","name":"orcela.cz","logo":{"@type":"ImageObject","@id":"\/logo.png","url":"\/logo.png","width":600,"height":60}},"image":{"@type":"ImageObject","@id":"https:\/\/www.orcela.cz\/wp-content\/uploads\/tamara-bellis-VF75PMEdvX8-unsplash_1.jpg","url":"https:\/\/www.orcela.cz\/wp-content\/uploads\/tamara-bellis-VF75PMEdvX8-unsplash_1.jpg","height":0,"width":0},"url":"https:\/\/www.orcela.cz\/styl-a-moda\/","about":["M\u00f3da"],"wordCount":450,"articleBody":"M\u00f3da tady s n\u00e1mi je u\u017e opravdu hodn\u011b dlouho a ka\u017ed\u00fd \u010dlov\u011bk by tak\u00e9 chodil nejrad\u011bji modern\u011b obl\u00e9kan\u00fd. Jenom\u017ee, kdy\u017e na to \u010dlov\u011bk nem\u00e1 pen\u00edze, tak je to potom opravdu velice smutn\u00e9. Kdy\u017e lid\u00e9 si t\u0159eba nerozum\u00ed v m\u00f3d\u011b a t\u0159eba ka\u017ed\u00fd \u010dlov\u011bk m\u00e1 jin\u00fd styl, tak samoz\u0159ejm\u011b, \u017ee i takhle dva lid\u00e9 se mohu h\u00e1dat. A podle m\u00e9ho n\u00e1zoru je to velice smutn\u00e9. V\u016fbec nech\u00e1pu a nerozum\u00edm tomu, pro\u010d by se lid\u00e9 m\u011bli h\u00e1dat jenom kv\u016fli tomu, \u017ee t\u0159eba m\u00e1 ka\u017ed\u00fd odli\u0161n\u00fd styl a n\u00e1zor na m\u00f3du. J\u00e1 v\u00edm, \u017ee t\u0159eba n\u011bkter\u00e9 \u017eeny jsou v\u00edce promiskuitn\u00ed, \u017ee maj\u00ed r\u00e1dy opravdu kr\u00e1tk\u00e9 minisukn\u011b nebo bokov\u00e9 d\u017e\u00edny a t\u0159eba nos\u00ed tri\u010dko opravdu hodn\u011b nahoru.Takov\u00e9 tri\u010dko, kter\u00e9 jim sotva t\u0159eba n\u011bjak zakr\u00fdv\u00e1 hrudn\u00edk, m\u011b se tohle nap\u0159\u00edklad opravdu nel\u00edb\u00ed. Samoz\u0159ejm\u011b, \u017ee m\u00e1m tak\u00e9 r\u00e1da takovou sexy m\u00f3du, ale to nos\u00edm t\u0159eba jenom n\u011bkam na z\u00e1bavu nebo n\u011bkam na diskot\u00e9ku. Norm\u00e1ln\u011b ven na proch\u00e1zku se psem anebo t\u0159eba na vyj\u00ed\u017e\u010fku na kole bych se rozhodn\u011b nevzala n\u011bjakou opravdu hodn\u011b kr\u00e1tkou minisukni. Tohle by se mi rozhodn\u011b nel\u00edbilo, ale kdybych m\u011bla popsat takhle m\u00f3du, kterou m\u00e1m r\u00e1da, tak by to byla takov\u00e1 le\u017e\u00e9rn\u00ed m\u00f3da, r\u00e1da t\u0159eba nos\u00edm podpatky a k tomu si vezmu i tepl\u00e1ky, m\u00e9mu partnerovi se to nel\u00edb\u00ed, ale tohle mi v\u016fbec nevad\u00ed, proto\u017ee jsem r\u00e1da, \u017ee jsem takov\u00e1 svobodn\u00e1 mysl a mohu se obl\u00e9kat tak, jak se mi to l\u00edb\u00ed.\u017de se mohu obl\u00e9kat tak jak chci. M\u016fj partner se tak\u00e9 obl\u00e9k\u00e1, jak chce a t\u0159eba se mi tak\u00e9 nel\u00edb\u00ed n\u011bkdy jeho styl obl\u00e9k\u00e1n\u00ed. Ale co m\u00e1m d\u011blat? Samoz\u0159ejm\u011b, kdy\u017e to sv\u00e9mu partnerovi nebudu v\u016fbec rozmlouvat a nech\u00e1m ho tak, jak se mu to l\u00edb\u00ed. M\u016fj partner u\u017e mi tak\u00e9 p\u0159estal rozmlouvat, jak m\u00e1m chodit obl\u00e9kan\u00e1 a \u017ee t\u0159eba podpatky se k tepl\u00e1k\u016fm nehod\u00ed, ale mn\u011b se to l\u00edb\u00ed a rozhodn\u011b s t\u00edm nehodl\u00e1m skoncovat. A jak\u00fd styl obl\u00e9k\u00e1n\u00ed m\u00e1te nejrad\u011bji vy? Samoz\u0159ejm\u011b, \u017ee m\u00e1te na v\u00fdb\u011br, obl\u00e9kejte se v\u017edycky tak, jak chcete. Tohle je podle m\u00e9ho n\u00e1zoru opravdu ta nejlep\u0161\u00ed volba.\u00a0                                                                                                                                                                                                                                                                                                                                                                                        4.7\/5 - (6 votes)        "},{"@context":"https:\/\/schema.org\/","@type":"BreadcrumbList","itemListElement":[{"@type":"ListItem","position":1,"name":"Styl a m\u00f3da","item":"https:\/\/www.orcela.cz\/styl-a-moda\/#breadcrumbitem"}]}]