[{"@context":"https:\/\/schema.org\/","@type":"Article","@id":"https:\/\/www.orcela.cz\/udelejte-svym-blizkym-radost-zazitkem\/#Article","mainEntityOfPage":"https:\/\/www.orcela.cz\/udelejte-svym-blizkym-radost-zazitkem\/","headline":"Ud\u011blejte sv\u00fdm bl\u00edzk\u00fdm radost z\u00e1\u017eitkem","name":"Ud\u011blejte sv\u00fdm bl\u00edzk\u00fdm radost z\u00e1\u017eitkem","description":"Klasick\u00e9 \u201ehmotn\u00e9\u201c d\u00e1rky jist\u011b dost\u00e1v\u00e1 i d\u00e1v\u00e1 ka\u017ed\u00fd z n\u00e1s. A to nejen na V\u00e1noce, &hellip; ","datePublished":"2022-11-12","dateModified":"2023-05-03","author":{"@type":"Person","@id":"https:\/\/www.orcela.cz\/author\/#Person","name":"","url":"https:\/\/www.orcela.cz\/author\/","identifier":1,"image":{"@type":"ImageObject","@id":"https:\/\/secure.gravatar.com\/avatar\/99fa2d7bb0ff3369cbf7f1481134d0b6f7aff596e984b7c90a3d99b8b24eb0d8?s=96&d=mm&r=g","url":"https:\/\/secure.gravatar.com\/avatar\/99fa2d7bb0ff3369cbf7f1481134d0b6f7aff596e984b7c90a3d99b8b24eb0d8?s=96&d=mm&r=g","height":96,"width":96}},"publisher":{"@type":"Organization","name":"orcela.cz","logo":{"@type":"ImageObject","@id":"\/logo.png","url":"\/logo.png","width":600,"height":60}},"image":{"@type":"ImageObject","@id":"https:\/\/www.orcela.cz\/wp-content\/uploads\/gift-1420830_960_720_1.jpg","url":"https:\/\/www.orcela.cz\/wp-content\/uploads\/gift-1420830_960_720_1.jpg","height":0,"width":0},"url":"https:\/\/www.orcela.cz\/udelejte-svym-blizkym-radost-zazitkem\/","about":["Podnik\u00e1n\u00ed"],"wordCount":426,"articleBody":"        Klasick\u00e9 \u201ehmotn\u00e9\u201c d\u00e1rky jist\u011b dost\u00e1v\u00e1 i d\u00e1v\u00e1 ka\u017ed\u00fd z n\u00e1s. A to nejen na V\u00e1noce, ale i na narozeniny, sv\u00e1tky \u010di p\u0159i p\u0159\u00edle\u017eitosti r\u016fzn\u00fdch v\u00fdro\u010d\u00ed. Po letech u\u017e za\u010dne b\u00fdt vym\u00fd\u0161len\u00ed st\u00e1le nov\u00fdch d\u00e1rk\u016f n\u00e1ro\u010dn\u00e9. Kdy\u017e se s n\u011bk\u00fdm zn\u00e1te u\u017e roky a d\u00e1v\u00e1te si d\u00e1re\u010dky \u010dasto, tak v\u00e1m po \u010dase dojde fantazie. A d\u00e1vat to stejn\u00e9 co loni nebo p\u0159ed loni, nen\u00ed \u00fapln\u011b ide\u00e1ln\u00ed. Proto m\u016f\u017eete sv\u00fdm bl\u00edzk\u00fdm na V\u00e1noce nad\u011blit nejen krabice pln\u00e9 sv\u00ed\u010dek a v\u00e1no\u010dn\u00edch pono\u017eek, ale i kr\u00e1sn\u00fd z\u00e1\u017eitek. V\u00fdlety si stejn\u011b ka\u017ed\u00fd pamatuje d\u00e9le ne\u017e hmotn\u00e9 d\u00e1rky, kter\u00e9 na\u0161el pod strome\u010dkem. Nav\u00edc tak pos\u00edl\u00edte i vztahy a vytvo\u0159\u00edte si nov\u00e9 z\u00e1\u017eitky, na kter\u00e9 budete moci je\u0161t\u011b dlouho vzpom\u00ednat. Jak se \u0159\u00edk\u00e1, tak z\u00e1\u017eitky v\u00e1m nikdo nevezme. Jak\u00fd z\u00e1\u017eitek nebo v\u00fdlet ale vybrat? M\u00e1me pro v\u00e1s tip na kr\u00e1sn\u00fd a modern\u00ed ski are\u00e1l, kam m\u016f\u017eete vyrazit s celou rodinou nebo s p\u0159\u00e1teli. ski Doln\u00ed Morava je kr\u00e1sn\u00fd horsk\u00fd are\u00e1l, kter\u00fd nab\u00edz\u00ed letn\u00ed i zimn\u00ed pohyby. M\u016f\u017eete si vychutnat kr\u00e1snou p\u0159\u00edrodu Orlick\u00fdch hor a spole\u010dn\u011b si zasportovat. V horsk\u00e9m resortu Bukov\u00e1 hora najdete \u010dty\u0159i r\u016fzn\u00e9 sjezdov\u00e9 trati, tak\u017ee ly\u017ea\u0159i se nudit zaru\u010den\u011b nebudou. Mezi nimi najdete i dv\u011b nejdel\u0161\u00ed sjezdovky v cel\u00fdch Orlick\u00fdch hor\u00e1ch. Modern\u00ed are\u00e1l disponuje novou \u010dty\u0159seda\u010dkovou lanovkou, kter\u00e1 v\u00e1m zajist\u00ed maxim\u00e1ln\u00ed pohodl\u00ed d\u00edky vyh\u0159\u00edvan\u00fdm seda\u010dk\u00e1m. Nav\u00edc tak p\u0159edejte nastydnut\u00ed nebo jin\u00fdm nemocem, kter\u00e9 b\u00fdvaj\u00ed nep\u0159\u00edjemnou sou\u010d\u00e1st\u00ed zimn\u00edch sport\u016f. Pokud vyu\u017eijete V\u00e1no\u010dn\u00edho p\u0159edprodeje skipas\u016f, tak nav\u00edc z\u00edsk\u00e1te i mal\u00fd d\u00e1rek v podob\u011b gastro voucheru. Ob\u010derstven\u00ed je jist\u011b ned\u00edlnou sou\u010d\u00e1st\u00ed ka\u017ed\u00e9ho kr\u00e1sn\u00e9ho ly\u017ea\u0159sk\u00e9ho z\u00e1\u017eitku. Jestli ale nejste milovn\u00edci zimn\u00edch sport\u016f, mo\u017en\u00e1 se naopak rozhodnete pro letn\u00ed \u010di jarn\u00ed pobyt. Potom m\u016f\u017eete nav\u0161t\u00edvit Mini Bikepark Bukovka nebo vyu\u017e\u00edt programu doprovodn\u00fdch akc\u00ed. Orlick\u00e9 hory nab\u00edz\u00ed v ka\u017ed\u00e9m ro\u010dn\u00edm obdob\u00ed kr\u00e1sn\u00e9 trasy na p\u011b\u0161\u00ed t\u00fary.                                                                                                                                                                                                                                                                                                                                                                                           4.9\/5 - (8 votes)        "},{"@context":"https:\/\/schema.org\/","@type":"BreadcrumbList","itemListElement":[{"@type":"ListItem","position":1,"name":"Ud\u011blejte sv\u00fdm bl\u00edzk\u00fdm radost z\u00e1\u017eitkem","item":"https:\/\/www.orcela.cz\/udelejte-svym-blizkym-radost-zazitkem\/#breadcrumbitem"}]}]