[{"@context":"https:\/\/schema.org\/","@type":"Article","@id":"https:\/\/www.orcela.cz\/vysperkujte-svuj-telefon\/#Article","mainEntityOfPage":"https:\/\/www.orcela.cz\/vysperkujte-svuj-telefon\/","headline":"Vy\u0161perkujte sv\u016fj telefon","name":"Vy\u0161perkujte sv\u016fj telefon","description":"Naprost\u00e1 v\u011bt\u0161ina lid\u00ed m\u00e1 mobiln\u00ed telefon s dotykovou obrazovkou. V dne\u0161n\u00ed dob\u011b se nen\u00ed \u010demu &hellip; ","datePublished":"2025-04-01","dateModified":"2025-04-01","author":{"@type":"Person","@id":"https:\/\/www.orcela.cz\/author\/#Person","name":"","url":"https:\/\/www.orcela.cz\/author\/","identifier":1,"image":{"@type":"ImageObject","@id":"https:\/\/secure.gravatar.com\/avatar\/99fa2d7bb0ff3369cbf7f1481134d0b6f7aff596e984b7c90a3d99b8b24eb0d8?s=96&d=mm&r=g","url":"https:\/\/secure.gravatar.com\/avatar\/99fa2d7bb0ff3369cbf7f1481134d0b6f7aff596e984b7c90a3d99b8b24eb0d8?s=96&d=mm&r=g","height":96,"width":96}},"publisher":{"@type":"Organization","name":"orcela.cz","logo":{"@type":"ImageObject","@id":"\/logo.png","url":"\/logo.png","width":600,"height":60}},"image":{"@type":"ImageObject","@id":"https:\/\/www.orcela.cz\/wp-content\/uploads\/call-1866884_640_10_5.jpg","url":"https:\/\/www.orcela.cz\/wp-content\/uploads\/call-1866884_640_10_5.jpg","height":0,"width":0},"url":"https:\/\/www.orcela.cz\/vysperkujte-svuj-telefon\/","about":["Produkty"],"wordCount":370,"articleBody":"   Naprost\u00e1 v\u011bt\u0161ina lid\u00ed m\u00e1 mobiln\u00ed telefon s dotykovou obrazovkou. V dne\u0161n\u00ed dob\u011b se nen\u00ed \u010demu divit, proto\u017ee lid\u00e9 si zvykli, \u017ee mobily jim toho nab\u00eddnou daleko v\u00edce ne\u017e p\u0159ed mnoha lety. Lid\u00e9 pochopiteln\u011b t\u00edhnou k tomu, co je modern\u00ed. A posledn\u00edch zhruba 10 let jsou modern\u00ed dotykov\u00e9 telefony. Na trhu je spousta mobiln\u00edch telefon\u016f r\u016fzn\u00fdch v\u00fdrobc\u016f, a nejpopul\u00e1rn\u011bj\u0161\u00ed je velmi dlouho iPhone od Applu. A pr\u00e1vem. Tyto telefony jsou pova\u017eov\u00e1ny za jedny z nejkvalitn\u011bj\u0161\u00edch, kter\u00e9 je mo\u017en\u00e9 si koupit. Maj\u00ed velmi stabiln\u00ed opera\u010dn\u00ed syst\u00e9m, kter\u00fd je koncipovan\u00fd tak, \u017ee se ovl\u00e1d\u00e1 intuitivn\u011b, a nav\u00edc se do n\u011bj jen tak nedostane ani kdejak\u00fd virus.IPhony samy o sob\u011b vypadaj\u00ed velmi dob\u0159e. Maj\u00ed propracovan\u00fd design, kter\u00fd je minimalistick\u00fd, a pr\u00e1v\u011b minimalismus je v posledn\u00ed dob\u011b velmi popul\u00e1rn\u00ed. D\u00edky tomu velk\u00e1 \u010d\u00e1st majitel\u016f iPhon\u016f na sv\u016fj telefon d\u00e1v\u00e1 pouze pr\u016fhledn\u00fd kryt. \u010c\u00e1st z nich preferuje obal MagSafe, kter\u00fd urychluje bezdr\u00e1tov\u00e9 nab\u00edjen\u00ed. Telefon je designov\u00fd opravdu poda\u0159en\u00fd. Apple nav\u00edc na \u017e\u00e1dost z\u00e1kazn\u00edk\u016f za\u010dal vyr\u00e1b\u011bt i v\u00edce barevn\u00fdch variant\u00e1ch ne\u017e jen klasickou b\u00edlou a \u010dernou barvu. Z\u00e1kazn\u00edci si tak mohou sami vybrat, kter\u00e9 barevn\u00e1 varianta jim bude nejv\u00edce vyhovovat.Nedostatek barevn\u00fdch variant byl jedn\u00edm z v\u011bc\u00ed, kter\u00e1 jinak velmi spokojen\u00fdm z\u00e1kazn\u00edk\u016fm Applu na nab\u00eddce telefonu vadila. Pochopiteln\u011b ne v\u0161em vyhovuje naprosto minimalistick\u00fd design t\u011bchto telefon\u016f. Jsou lid\u00e9, kte\u0159\u00ed preferuj\u00ed barevnost. Pokud se rozhodnete, \u017ee si na sv\u016fj iPhone budete cht\u00edt koupit kvalitn\u00ed kryt, ud\u011bl\u00e1te jen dob\u0159e. Kvalitn\u00ed kryt ochr\u00e1n\u00ed nejen zadn\u00ed stranu telefonu, ale i bo\u010dn\u00ed hrany p\u0159ed po\u0161kr\u00e1b\u00e1n\u00edm a po\u0161kozen\u00edm. Vzhledem k obrovsk\u00e9mu mno\u017estv\u00ed kryt\u016f si ka\u017ed\u00fd p\u0159ijde na sv\u00e9. Milovn\u00edci aut si mohou vybrat kryt podle toho, jak\u00e9 auto \u0159\u00edd\u00ed. Velmi popul\u00e1rn\u00ed je nap\u0159\u00edklad kryt BMW https:\/\/www.ipouzdro.cz\/znacka\/bmw\/, kter\u00fd m\u016f\u017eete sladit se sv\u00fdm milovan\u00fdm autem.                                                                                                                                                                                                                                                                                                                                                                                          5\/5 - (5 votes)        "},{"@context":"https:\/\/schema.org\/","@type":"BreadcrumbList","itemListElement":[{"@type":"ListItem","position":1,"name":"Vy\u0161perkujte sv\u016fj telefon","item":"https:\/\/www.orcela.cz\/vysperkujte-svuj-telefon\/#breadcrumbitem"}]}]